{"id":94561,"date":"2016-02-15T10:12:00","date_gmt":"2016-02-15T12:12:00","guid":{"rendered":"http:\/\/progepe.ufpr.br\/portarias\/progepe-2016-15525\/"},"modified":"2023-08-03T12:09:17","modified_gmt":"2023-08-03T15:09:17","slug":"progepe-2016-15525","status":"publish","type":"post","link":"https:\/\/progepe.ufpr.br\/portarias\/progepe-2016-15525\/","title":{"rendered":"PORTARIA N\u00ba 15525\/PROGEPE, DE 15 DE FEVEREIRO DE 2016"},"content":{"rendered":"\n<p>A  Pr\u00f3-Reitora  de  Gest\u00e3o  de  Pessoas  da Universidade Federal do Paran\u00e1,  no uso de suas atribui\u00e7\u00f5es,  tendo  em  vista  a  compet\u00eancia  que  lhe  \u00e9 conferida pela Portaria n\u00ba 2.590, de 26 de setembro de 1997, de acordo com os Artigos 11 e 12 da Lei n\u00ba 11.091\/2005, com nova reda\u00e7\u00e3o (inclu\u00edda pelas Leis n\u00ba 11.784\/2008 e n\u00ba 12.772\/2012); Anexos II e III do Decreto n\u00ba 5.824\/2006, o que consta no processo n\u00ba 092783\/2015-66,<\/p>\n\n\n<p><strong>RESOLVE:<\/strong><\/p>\n\n\n<p>Conceder  o Incentivo  \u00e0 Qualifica\u00e7\u00e3o no percentual  de 25 (vinte e  cinco por cento), a partir de 14 de setembro de 2015, \u00e0 servidora FABIANA DOS SANTOS ROSA &#8211; 204895, ocupante do cargo de Auxiliar  de Enfermagem, lotada no Servi\u00e7o de Enfermagem do Alojamento Conjunto do Hospital de Cl\u00ednicas, tendo em vista ter apresentado Diploma de Conclus\u00e3o do Curso de Bacharelado em Enfermagem, emitido pelo Centro Universit\u00e1rio Campos de Andrade.<\/p>\n\n\n<div style=\"height:15px\" aria-hidden=\"true\" class=\"wp-block-spacer\"><\/div>\n\n\n<div class=\"wp-block-buttons is-content-justification-right is-layout-flex wp-container-core-buttons-is-layout-1 wp-block-buttons-is-layout-flex\">\n<div class=\"wp-block-button has-custom-font-size is-style-outline has-small-font-size is-style-outline--1\"><a class=\"wp-block-button__link\" href=\"https:\/\/progepe.ufpr.br\/portarias\/wp-content\/uploads\/pcp\/PROGEPE\/2016\/15525PR.pdf\" style=\"border-radius:0px\" target=\"_blank\" rel=\"noreferrer noopener\">Acesse o arquivo da portaria<\/a><\/div><\/div>\n","protected":false},"excerpt":{"rendered":"<p>Conceder o Incentivo \u00e0 Qualifica\u00e7\u00e3o no percentual de 25 (vinte e cinco por cento), a partir de 14 de setembro de 2015, \u00e0 servidora FABIANA DOS SANTOS ROSA &#8211; 204895, ocupante do cargo de Auxiliar de Enfermagem, lotada no Servi\u00e7o de Enfermagem do Alojamento Conjunto do Hospital de Cl\u00ednicas, tendo em vista ter apresentado Diploma de Conclus\u00e3o do Curso de Bacharelado em Enfermagem, emitido pelo Centro Universit\u00e1rio Campos de Andrade.  {&#8220;height&#8221;:&#8221;15px&#8221;} <\/p>\n<div style=\"height:15px\" aria-hidden=\"true\" class=\"wp-block-spacer\"> <!-- \/wp:spacer  {\"layout\":{\"type\":\"flex\",\"justifyContent\":\"right\"}} \n\n<div class=\"wp-block-buttons\"><!-- wp:button {\"style\":{\"border\":{\"radius\":\"0px\"}},\"className\":\"is-style-outline\",\"fontSize\":\"small\"} \n\n<div class=\"wp-block-button has-custom-font-size is-style-outline has-small-font-size\"><a class=\"wp-block-button__link\" href=\"https:\/\/progepe.ufpr.br\/portarias\/wp-content\/uploads\/pcp\/PROGEPE\/2016\/15525PR.pdf\" style=\"border-radius:0px\" target=\"_blank\" rel=\"noreferrer noopene\n<\/p>\n","protected":false},"author":41,"featured_media":0,"comment_status":"closed","ping_status":"open","sticky":false,"template":"wp-custom-template-emissao-entre-01-05-2004-ate-30-06-2017","format":"standard","meta":{"_acf_changed":false,"iawp_total_views":0,"footnotes":""},"categories":[116],"tags":[142],"class_list":["post-94561","post","type-post","status-publish","format-standard","hentry","category-progepe","tag-incentivo-qualificacao"],"acf":[],"_links":{"self":[{"href":"https:\/\/progepe.ufpr.br\/portarias\/wp-json\/wp\/v2\/posts\/94561","targetHints":{"allow":["GET"]}}],"collection":[{"href":"https:\/\/progepe.ufpr.br\/portarias\/wp-json\/wp\/v2\/posts"}],"about":[{"href":"https:\/\/progepe.ufpr.br\/portarias\/wp-json\/wp\/v2\/types\/post"}],"author":[{"embeddable":true,"href":"https:\/\/progepe.ufpr.br\/portarias\/wp-json\/wp\/v2\/users\/41"}],"replies":[{"embeddable":true,"href":"https:\/\/progepe.ufpr.br\/portarias\/wp-json\/wp\/v2\/comments?post=94561"}],"version-history":[{"count":1,"href":"https:\/\/progepe.ufpr.br\/portarias\/wp-json\/wp\/v2\/posts\/94561\/revisions"}],"predecessor-version":[{"id":117831,"href":"https:\/\/progepe.ufpr.br\/portarias\/wp-json\/wp\/v2\/posts\/94561\/revisions\/117831"}],"wp:attachment":[{"href":"https:\/\/progepe.ufpr.br\/portarias\/wp-json\/wp\/v2\/media?parent=94561"}],"wp:term":[{"taxonomy":"category","embeddable":true,"href":"https:\/\/progepe.ufpr.br\/portarias\/wp-json\/wp\/v2\/categories?post=94561"},{"taxonomy":"post_tag","embeddable":true,"href":"https:\/\/progepe.ufpr.br\/portarias\/wp-json\/wp\/v2\/tags?post=94561"}],"curies":[{"name":"wp","href":"https:\/\/api.w.org\/{rel}","templated":true}]}}