{"id":9483,"date":"2019-10-10T10:02:00","date_gmt":"2019-10-10T13:02:00","guid":{"rendered":"http:\/\/progepe.ufpr.br\/portal\/?post_type=portarias&#038;p=9483"},"modified":"2023-08-03T12:50:16","modified_gmt":"2023-08-03T15:50:16","slug":"progepe-2019-04114","status":"publish","type":"post","link":"https:\/\/progepe.ufpr.br\/portarias\/progepe-2019-04114\/","title":{"rendered":"PORTARIA N\u00ba 04114\/PROGEPE, DE 10 DE OUTUBRO DE 2019"},"content":{"rendered":"\n<p><strong>O Pr\u00f3-Reitor de Gest\u00e3o de Pessoas da Universidade Federal do Paran\u00e1,<\/strong>  no uso de suas atribui\u00e7\u00f5es, tendo em vista a compet\u00eancia que lhe \u00e9  conferida pela Portaria n\u00ba 2.590, de 26 de setembro de 1997 e ainda o  contido no processo n\u00ba 23075.051407\/2019-45, <\/p>\n\n\n\n<p>RESOLVE:<\/p>\n\n\n\n<p>Retificar a Portaria n\u00ba 4.061\/PROGEPE, de \n03 de outubro 2019, que concedeu progress\u00e3o por capacita\u00e7\u00e3o profissional\n ao servidor LUIZ EDUARDO CROESY JENKINS \u2013 2192163, ocupante do cargo de\n Auditor, lotado na Auditoria Interna da UFPR:<\/p>\n\n\n\n<p>Onde se l\u00ea:&#8230;do n\u00edvel E-03 para o E-04 padr\u00e3o de Vencimento 04&#8230;<\/p>\n\n\n\n<p>Leia-se:&#8230;do n\u00edvel E-03 para o E-04 padr\u00e3o de Vencimento 03&#8230;<\/p>\n\n\n\n<p style=\"text-align:right\"><strong> Douglas Ortiz Hamermuller<\/strong><\/p>\n","protected":false},"excerpt":{"rendered":"<p>Retificar a Portaria n\u00ba 4.061\/PROGEPE, de 03 de outubro 2019, que concedeu progress\u00e3o por capacita\u00e7\u00e3o profissional ao servidor LUIZ EDUARDO CROESY JENKINS \u2013 2192163, ocupante do cargo de Auditor, lotado na Auditoria Interna da UFPR:  Onde se l\u00ea:&#8230;do n\u00edvel E-03 para o E-04 padr\u00e3o de Vencimento 04&#8230;  Leia-se:&#8230;do n\u00edvel E-03 para o E-04 padr\u00e3o de Vencimento 03&#8230;  <!-- wp:paragraph {\"align\":\"right\"} \n\n<p style=\"text-align:right\"><strong> Douglas Ortiz Hamermuller<\/strong>\n<\/p>\n","protected":false},"author":48,"featured_media":0,"comment_status":"closed","ping_status":"closed","sticky":false,"template":"","format":"standard","meta":{"_acf_changed":false,"iawp_total_views":0,"footnotes":""},"categories":[116],"tags":[140],"class_list":["post-9483","post","type-post","status-publish","format-standard","hentry","category-progepe","tag-averbacao-desaverbacao"],"acf":[],"_links":{"self":[{"href":"https:\/\/progepe.ufpr.br\/portarias\/wp-json\/wp\/v2\/posts\/9483","targetHints":{"allow":["GET"]}}],"collection":[{"href":"https:\/\/progepe.ufpr.br\/portarias\/wp-json\/wp\/v2\/posts"}],"about":[{"href":"https:\/\/progepe.ufpr.br\/portarias\/wp-json\/wp\/v2\/types\/post"}],"author":[{"embeddable":true,"href":"https:\/\/progepe.ufpr.br\/portarias\/wp-json\/wp\/v2\/users\/48"}],"replies":[{"embeddable":true,"href":"https:\/\/progepe.ufpr.br\/portarias\/wp-json\/wp\/v2\/comments?post=9483"}],"version-history":[{"count":1,"href":"https:\/\/progepe.ufpr.br\/portarias\/wp-json\/wp\/v2\/posts\/9483\/revisions"}],"predecessor-version":[{"id":190566,"href":"https:\/\/progepe.ufpr.br\/portarias\/wp-json\/wp\/v2\/posts\/9483\/revisions\/190566"}],"wp:attachment":[{"href":"https:\/\/progepe.ufpr.br\/portarias\/wp-json\/wp\/v2\/media?parent=9483"}],"wp:term":[{"taxonomy":"category","embeddable":true,"href":"https:\/\/progepe.ufpr.br\/portarias\/wp-json\/wp\/v2\/categories?post=9483"},{"taxonomy":"post_tag","embeddable":true,"href":"https:\/\/progepe.ufpr.br\/portarias\/wp-json\/wp\/v2\/tags?post=9483"}],"curies":[{"name":"wp","href":"https:\/\/api.w.org\/{rel}","templated":true}]}}