{"id":95205,"date":"2016-07-27T10:11:00","date_gmt":"2016-07-27T13:11:00","guid":{"rendered":"http:\/\/progepe.ufpr.br\/portarias\/progepe-2016-18565\/"},"modified":"2023-08-03T12:14:46","modified_gmt":"2023-08-03T15:14:46","slug":"progepe-2016-18565","status":"publish","type":"post","link":"https:\/\/progepe.ufpr.br\/portarias\/progepe-2016-18565\/","title":{"rendered":"PORTARIA N\u00ba 18565\/PROGEPE, DE 27 DE JULHO DE 2016"},"content":{"rendered":"\n<p>A Pr\u00f3-Reitora de Gest\u00e3o de Pessoas da Universidade Federal  do  Paran\u00e1,  em  exerc\u00edcio,  no  uso  de  suas atribui\u00e7\u00f5es, tendo em vista a compet\u00eancia que lhe \u00e9 conferida pela  Portaria  n\u00ba  2.590,  de  26  de  setembro  de  1997, considerando o que consta no artigo 9\u00ba,  inciso I  da Lei  n\u00ba 8.112\/90; autorizada pelo Decreto n\u00ba 7.232, de 19 de julho de 2010,  publicado  no  DOU  de  20.07.2010;  Portaria Interministerial n\u00ba 111, de 02 de abril de 2014, publicada no DOU  de  03.04.2014;  e,  o  contido  no  processo  n\u00ba 146041\/2016-49,<\/p>\n\n\n<p><strong>RESOLVE:<\/strong><\/p>\n\n\n<p>Nomear em car\u00e1ter efetivo FERNANDA ADELE ULIANA YOKOHAMA, habilitada em concurso p\u00fablico realizado por esta Institui\u00e7\u00e3o, homologado em 05.11.2015, para o cargo de Assistente em Administra\u00e7\u00e3o, n\u00edvel de Classifica\u00e7\u00e3o D, n\u00edvel de Capacita\u00e7\u00e3o I, padr\u00e3o de Vencimento 01, no regime de trabalho de 40 (quarenta) horas semanais, na vaga de c\u00f3digo n\u00ba 262293.<\/p>\n\n\n<div style=\"height:15px\" aria-hidden=\"true\" class=\"wp-block-spacer\"><\/div>\n\n\n<div class=\"wp-block-buttons is-content-justification-right is-layout-flex wp-container-core-buttons-is-layout-1 wp-block-buttons-is-layout-flex\">\n<div class=\"wp-block-button has-custom-font-size is-style-outline has-small-font-size is-style-outline--1\"><a class=\"wp-block-button__link\" href=\"https:\/\/progepe.ufpr.br\/portarias\/wp-content\/uploads\/pcp\/PROGEPE\/2016\/18565PR.pdf\" style=\"border-radius:0px\" target=\"_blank\" rel=\"noreferrer noopener\">Acesse o arquivo da portaria<\/a><\/div><\/div>\n","protected":false},"excerpt":{"rendered":"<p>Nomear em car\u00e1ter efetivo FERNANDA ADELE ULIANA YOKOHAMA, habilitada em concurso p\u00fablico realizado por esta Institui\u00e7\u00e3o, homologado em 05.11.2015, para o cargo de Assistente em Administra\u00e7\u00e3o, n\u00edvel de Classifica\u00e7\u00e3o D, n\u00edvel de Capacita\u00e7\u00e3o I, padr\u00e3o de Vencimento 01, no regime de trabalho de 40 (quarenta) horas semanais, na vaga de c\u00f3digo n\u00ba 262293.  {&#8220;height&#8221;:&#8221;15px&#8221;} <\/p>\n<div style=\"height:15px\" aria-hidden=\"true\" class=\"wp-block-spacer\"> <!-- \/wp:spacer  {\"layout\":{\"type\":\"flex\",\"justifyContent\":\"right\"}} \n\n<div class=\"wp-block-buttons\"><!-- wp:button {\"style\":{\"border\":{\"radius\":\"0px\"}},\"className\":\"is-style-outline\",\"fontSize\":\"small\"} \n\n<div class=\"wp-block-button has-custom-font-size is-style-outline has-small-font-size\"><a class=\"wp-block-button__link\" href=\"https:\/\/progepe.ufpr.br\/portarias\/wp-content\/uploads\/pcp\/PROGEPE\/2016\/18565PR.pdf\" style=\"border-radius:0px\" target=\"_blank\" rel=\"noreferrer noopener\">Acesse o arquivo da portaria<\/a><!-- \/wp:button <!-- \/wp:buttons\n<\/p>\n","protected":false},"author":41,"featured_media":0,"comment_status":"closed","ping_status":"open","sticky":false,"template":"wp-custom-template-emissao-entre-01-05-2004-ate-30-06-2017","format":"standard","meta":{"_acf_changed":false,"iawp_total_views":1,"footnotes":""},"categories":[116],"tags":[121],"class_list":["post-95205","post","type-post","status-publish","format-standard","hentry","category-progepe","tag-nomeacao"],"acf":[],"_links":{"self":[{"href":"https:\/\/progepe.ufpr.br\/portarias\/wp-json\/wp\/v2\/posts\/95205","targetHints":{"allow":["GET"]}}],"collection":[{"href":"https:\/\/progepe.ufpr.br\/portarias\/wp-json\/wp\/v2\/posts"}],"about":[{"href":"https:\/\/progepe.ufpr.br\/portarias\/wp-json\/wp\/v2\/types\/post"}],"author":[{"embeddable":true,"href":"https:\/\/progepe.ufpr.br\/portarias\/wp-json\/wp\/v2\/users\/41"}],"replies":[{"embeddable":true,"href":"https:\/\/progepe.ufpr.br\/portarias\/wp-json\/wp\/v2\/comments?post=95205"}],"version-history":[{"count":1,"href":"https:\/\/progepe.ufpr.br\/portarias\/wp-json\/wp\/v2\/posts\/95205\/revisions"}],"predecessor-version":[{"id":144922,"href":"https:\/\/progepe.ufpr.br\/portarias\/wp-json\/wp\/v2\/posts\/95205\/revisions\/144922"}],"wp:attachment":[{"href":"https:\/\/progepe.ufpr.br\/portarias\/wp-json\/wp\/v2\/media?parent=95205"}],"wp:term":[{"taxonomy":"category","embeddable":true,"href":"https:\/\/progepe.ufpr.br\/portarias\/wp-json\/wp\/v2\/categories?post=95205"},{"taxonomy":"post_tag","embeddable":true,"href":"https:\/\/progepe.ufpr.br\/portarias\/wp-json\/wp\/v2\/tags?post=95205"}],"curies":[{"name":"wp","href":"https:\/\/api.w.org\/{rel}","templated":true}]}}