{"id":95358,"date":"2016-12-23T10:01:00","date_gmt":"2016-12-23T12:01:00","guid":{"rendered":"http:\/\/progepe.ufpr.br\/portarias\/progepe-2016-21207\/"},"modified":"2023-08-03T12:19:37","modified_gmt":"2023-08-03T15:19:37","slug":"progepe-2016-21207","status":"publish","type":"post","link":"https:\/\/progepe.ufpr.br\/portarias\/progepe-2016-21207\/","title":{"rendered":"PORTARIA N\u00ba 21207\/PROGEPE, DE 23 DE DEZEMBRO DE 2016"},"content":{"rendered":"\n<p>A Pr\u00f3-Reitora de Gest\u00e3o de Pessoas da Universidade Federal do Paran\u00e1, no uso de suas atribui\u00e7\u00f5es, tendo em vista a compet\u00eancia que lhe \u00e9 conferida pela Portaria n\u00ba 143\/REITOR, de 06 de junho de 2006; o disposto no artigo 143 da Lei n\u00ba 8.112\/90; no artigo 4\u00ba, inciso II, e artigo 15, \u00a7 5\u00ba da Portaria n\u00ba 335\/CGU, de 30 de maio de 2006; e, o que consta no processo n\u00ba 033207\/2014-04,<\/p>\n\n\n<p><strong>RESOLVE:<\/strong><\/p>\n\n\n<p>I. Revogar a Portaria n\u00ba 21.178\/PROGEPE, de 19 de dezembro de 2016. II. Designar os servidores RAFAEL JULI\u00c3O EVANGELISTA &#8211; 204865, Auxiliar em Administra\u00e7\u00e3o, lotado na Coordena\u00e7\u00e3o de Pol\u00edticas de Forma\u00e7\u00e3o de Professores da Pr\u00f3-Reitoria de Gradua\u00e7\u00e3o; LECIO VICENTE MONTANHEIRO &#8211; 204348, T\u00e9cnico de Laborat\u00f3rio &#8211; \u00c1rea, lotado no Departamento de Engenharia El\u00e9trica do Setor de Tecnologia; e NICOLLE CHRISTINE SOTSEK RAMOS &#8211; 205387, Professora, lotada no Departamento de Engenharia de Produ\u00e7\u00e3o do Setor de Tecnologia, para, sob a presid\u00eancia do primeiro, constitu\u00edrem Comiss\u00e3o de Sindic\u00e2ncia Investigativa destinada a apurar, no prazo de 30 (trinta) dias, os fatos de que trata o processo n\u00ba 23075.033207\/2014-04, bem como proceder ao exame dos fatos conexos que emergirem no decorrer dos trabalhos.RAFAEL JULIAO EVANGELISTA; LECIO VICENTE MONTANHEIRO; NICOLLE CHRISTINE SOTSEK RAMOS<\/p>\n\n\n<div style=\"height:15px\" aria-hidden=\"true\" class=\"wp-block-spacer\"><\/div>\n\n\n<div class=\"wp-block-buttons is-content-justification-right is-layout-flex wp-container-core-buttons-is-layout-1 wp-block-buttons-is-layout-flex\">\n<div class=\"wp-block-button has-custom-font-size is-style-outline has-small-font-size is-style-outline--1\"><a class=\"wp-block-button__link\" href=\"https:\/\/progepe.ufpr.br\/portarias\/wp-content\/uploads\/pcp\/PROGEPE\/2016\/21207PR.pdf\" style=\"border-radius:0px\" target=\"_blank\" rel=\"noreferrer noopener\">Acesse o arquivo da portaria<\/a><\/div><\/div>\n","protected":false},"excerpt":{"rendered":"<p>I. Revogar a Portaria n\u00ba 21.178\/PROGEPE, de 19 de dezembro de 2016. II. Designar os servidores RAFAEL JULI\u00c3O EVANGELISTA &#8211; 204865, Auxiliar em Administra\u00e7\u00e3o, lotado na Coordena\u00e7\u00e3o de Pol\u00edticas de Forma\u00e7\u00e3o de Professores da Pr\u00f3-Reitoria de Gradua\u00e7\u00e3o; LECIO VICENTE MONTANHEIRO &#8211; 204348, T\u00e9cnico de Laborat\u00f3rio &#8211; \u00c1rea, lotado no Departamento de Engenharia El\u00e9trica do Setor de Tecnologia; e NICOLLE CHRISTINE SOTSEK RAMOS &#8211; 205387, Professora, lotada no Departamento de Engenharia de Produ\u00e7\u00e3o do Setor de Tecnologia, para, sob a presid\u00eancia do primeiro, constitu\u00edrem Comiss\u00e3o de Sindic\u00e2ncia Investigativa destinada a apurar, no prazo de 30 (trinta) dias, os fatos<\/p>\n","protected":false},"author":41,"featured_media":0,"comment_status":"closed","ping_status":"open","sticky":false,"template":"wp-custom-template-emissao-entre-01-05-2004-ate-30-06-2017","format":"standard","meta":{"_acf_changed":false,"iawp_total_views":1,"footnotes":""},"categories":[116],"tags":[132],"class_list":["post-95358","post","type-post","status-publish","format-standard","hentry","category-progepe","tag-pad-sindicancia"],"acf":[],"_links":{"self":[{"href":"https:\/\/progepe.ufpr.br\/portarias\/wp-json\/wp\/v2\/posts\/95358","targetHints":{"allow":["GET"]}}],"collection":[{"href":"https:\/\/progepe.ufpr.br\/portarias\/wp-json\/wp\/v2\/posts"}],"about":[{"href":"https:\/\/progepe.ufpr.br\/portarias\/wp-json\/wp\/v2\/types\/post"}],"author":[{"embeddable":true,"href":"https:\/\/progepe.ufpr.br\/portarias\/wp-json\/wp\/v2\/users\/41"}],"replies":[{"embeddable":true,"href":"https:\/\/progepe.ufpr.br\/portarias\/wp-json\/wp\/v2\/comments?post=95358"}],"version-history":[{"count":1,"href":"https:\/\/progepe.ufpr.br\/portarias\/wp-json\/wp\/v2\/posts\/95358\/revisions"}],"predecessor-version":[{"id":118513,"href":"https:\/\/progepe.ufpr.br\/portarias\/wp-json\/wp\/v2\/posts\/95358\/revisions\/118513"}],"wp:attachment":[{"href":"https:\/\/progepe.ufpr.br\/portarias\/wp-json\/wp\/v2\/media?parent=95358"}],"wp:term":[{"taxonomy":"category","embeddable":true,"href":"https:\/\/progepe.ufpr.br\/portarias\/wp-json\/wp\/v2\/categories?post=95358"},{"taxonomy":"post_tag","embeddable":true,"href":"https:\/\/progepe.ufpr.br\/portarias\/wp-json\/wp\/v2\/tags?post=95358"}],"curies":[{"name":"wp","href":"https:\/\/api.w.org\/{rel}","templated":true}]}}