{"id":95438,"date":"2016-01-15T10:04:00","date_gmt":"2016-01-15T12:04:00","guid":{"rendered":"http:\/\/progepe.ufpr.br\/portarias\/progepe-2016-15132\/"},"modified":"2023-08-03T12:08:35","modified_gmt":"2023-08-03T15:08:35","slug":"progepe-2016-15132","status":"publish","type":"post","link":"https:\/\/progepe.ufpr.br\/portarias\/progepe-2016-15132\/","title":{"rendered":"PORTARIA N\u00ba 15132\/PROGEPE, DE 15 DE JANEIRO DE 2016"},"content":{"rendered":"\n<p>A Pr\u00f3-Reitora de Gest\u00e3o de Pessoas da Universidade Federal  do  Paran\u00e1,  em  exerc\u00edcio,  no  uso  de  suas atribui\u00e7\u00f5es, tendo em vista a compet\u00eancia que lhe \u00e9 conferida pela Portaria n\u00ba 2.590, de 26 de setembro de 1997, de acordo com o Art. 10 da Lei n\u00ba 11.091\/05; a Resolu\u00e7\u00e3o CNS n\u00ba 04\/06; a Lei n\u00ba 12.772\/12; e, ainda o contido no processo n\u00ba 061495\/2015-60,<\/p>\n\n\n<p><strong>RESOLVE:<\/strong><\/p>\n\n\n<p>I. Conceder progress\u00e3o por capacita\u00e7\u00e3o profissional \u00e0 servidora MARIELI  COLLA  ROCKENBACH  \u2013  203034,  ocupante  do  cargo  de  Assistente  em Administra\u00e7\u00e3o, lotada no N\u00facleo de Pr\u00e1ticas Jur\u00eddicas do Setor de Ci\u00eancias Jur\u00eddicas, do n\u00edvel D- 02 para o D-03, padr\u00e3o de Vencimento 03, a partir de 13 de outubro de 2015, tendo em vista os certificados apresentados \u00e0s folhas 08 a 15 do citado processo. II.  A citada  servidora  acumula  para  a  pr\u00f3xima  progress\u00e3o  por capacita\u00e7\u00e3o 15 h (quinze horas).<\/p>\n\n\n<div style=\"height:15px\" aria-hidden=\"true\" class=\"wp-block-spacer\"><\/div>\n\n\n<div class=\"wp-block-buttons is-content-justification-right is-layout-flex wp-container-core-buttons-is-layout-1 wp-block-buttons-is-layout-flex\">\n<div class=\"wp-block-button has-custom-font-size is-style-outline has-small-font-size is-style-outline--1\"><a class=\"wp-block-button__link\" href=\"https:\/\/progepe.ufpr.br\/portarias\/wp-content\/uploads\/pcp\/PROGEPE\/2016\/15132PR.pdf\" style=\"border-radius:0px\" target=\"_blank\" rel=\"noreferrer noopener\">Acesse o arquivo da portaria<\/a><\/div><\/div>\n","protected":false},"excerpt":{"rendered":"<p>I. Conceder progress\u00e3o por capacita\u00e7\u00e3o profissional \u00e0 servidora MARIELI COLLA ROCKENBACH \u2013 203034, ocupante do cargo de Assistente em Administra\u00e7\u00e3o, lotada no N\u00facleo de Pr\u00e1ticas Jur\u00eddicas do Setor de Ci\u00eancias Jur\u00eddicas, do n\u00edvel D- 02 para o D-03, padr\u00e3o de Vencimento 03, a partir de 13 de outubro de 2015, tendo em vista os certificados apresentados \u00e0s folhas 08 a 15 do citado processo. II. A citada servidora acumula para a pr\u00f3xima progress\u00e3o por capacita\u00e7\u00e3o 15 h (quinze horas).  {&#8220;height&#8221;:&#8221;15px&#8221;} <\/p>\n<div style=\"height:15px\" aria-hidden=\"true\" class=\"wp-block-spacer\"> <!-- \/wp:spacer  {\"layout\":{\"type\":\"flex\",\"justifyContent\":\"right\"}} \n\n<div class=\"wp-block-buttons\"><!-- wp:button {\"style\":{\"border\":{\"radius\":\"0px\"}},\"className\":\"is-style-outline\",\"fontSize\":\"small\"} \n\n<div class=\"wp-block-button has-custom-font-size is-style-outline has-small-font-size\"><a\n<\/p>\n","protected":false},"author":41,"featured_media":0,"comment_status":"closed","ping_status":"open","sticky":false,"template":"wp-custom-template-emissao-entre-01-05-2004-ate-30-06-2017","format":"standard","meta":{"_acf_changed":false,"iawp_total_views":1,"footnotes":""},"categories":[116],"tags":[143],"class_list":["post-95438","post","type-post","status-publish","format-standard","hentry","category-progepe","tag-progressao-promocao"],"acf":[],"_links":{"self":[{"href":"https:\/\/progepe.ufpr.br\/portarias\/wp-json\/wp\/v2\/posts\/95438","targetHints":{"allow":["GET"]}}],"collection":[{"href":"https:\/\/progepe.ufpr.br\/portarias\/wp-json\/wp\/v2\/posts"}],"about":[{"href":"https:\/\/progepe.ufpr.br\/portarias\/wp-json\/wp\/v2\/types\/post"}],"author":[{"embeddable":true,"href":"https:\/\/progepe.ufpr.br\/portarias\/wp-json\/wp\/v2\/users\/41"}],"replies":[{"embeddable":true,"href":"https:\/\/progepe.ufpr.br\/portarias\/wp-json\/wp\/v2\/comments?post=95438"}],"version-history":[{"count":1,"href":"https:\/\/progepe.ufpr.br\/portarias\/wp-json\/wp\/v2\/posts\/95438\/revisions"}],"predecessor-version":[{"id":144980,"href":"https:\/\/progepe.ufpr.br\/portarias\/wp-json\/wp\/v2\/posts\/95438\/revisions\/144980"}],"wp:attachment":[{"href":"https:\/\/progepe.ufpr.br\/portarias\/wp-json\/wp\/v2\/media?parent=95438"}],"wp:term":[{"taxonomy":"category","embeddable":true,"href":"https:\/\/progepe.ufpr.br\/portarias\/wp-json\/wp\/v2\/categories?post=95438"},{"taxonomy":"post_tag","embeddable":true,"href":"https:\/\/progepe.ufpr.br\/portarias\/wp-json\/wp\/v2\/tags?post=95438"}],"curies":[{"name":"wp","href":"https:\/\/api.w.org\/{rel}","templated":true}]}}