{"id":9549,"date":"2019-10-10T10:05:00","date_gmt":"2019-10-10T13:05:00","guid":{"rendered":"http:\/\/progepe.ufpr.br\/portal\/?post_type=portarias&#038;p=9549"},"modified":"2023-08-03T12:50:16","modified_gmt":"2023-08-03T15:50:16","slug":"progepe-2019-04117","status":"publish","type":"post","link":"https:\/\/progepe.ufpr.br\/portarias\/progepe-2019-04117\/","title":{"rendered":"PORTARIA N\u00ba 04117\/PROGEPE, DE 10 DE OUTUBRO DE 2019"},"content":{"rendered":"\n<p><strong>O\nPr\u00f3-Reitor de Gest\u00e3o de Pessoas da Universidade Federal do Paran\u00e1<\/strong><strong>,<\/strong> no uso de suas atribui\u00e7\u00f5es, tendo em vista a\ncompet\u00eancia que lhe \u00e9 conferida pela Portaria n\u00ba 2.590, de 26 de setembro de\n1997 e considerando o que consta no processo n\u00ba 23075.068584\/2019-61,<\/p>\n\n\n\n<p>RESOLVE:<\/p>\n\n\n\n<p>I.\nConceder, tendo em vista o que consta no Art. 98 da Lei n\u00ba 8.112\/90, hor\u00e1rio\nespecial para servidor estudante, para o servidor DANIEL LEAL VALENTE &#8211; 3963760,\nocupante do cargo de Administrador, lotado no Centro de Computa\u00e7\u00e3o Eletr\u00f4nica\nda Pr\u00f3-Reitoria de Administra\u00e7\u00e3o.<\/p>\n\n\n\n<p>II. Fica\nsob a responsabilidade da Chefia imediata o cumprimento da jornada de trabalho do\ncitado servidor.<\/p>\n\n\n\n<p style=\"text-align:right\">Douglas\nOrtiz Hamermuller<\/p>\n","protected":false},"excerpt":{"rendered":"<p>I. Conceder, tendo em vista o que consta no Art. 98 da Lei n\u00ba 8.112\/90, hor\u00e1rio especial para servidor estudante, para o servidor DANIEL LEAL VALENTE &#8211; 3963760, ocupante do cargo de Administrador, lotado no Centro de Computa\u00e7\u00e3o Eletr\u00f4nica da Pr\u00f3-Reitoria de Administra\u00e7\u00e3o.  II. Fica sob a responsabilidade da Chefia imediata o cumprimento da jornada de trabalho do citado servidor.  <!-- wp:paragraph {\"align\":\"right\"} \n\n<p style=\"text-align:right\">Douglas Ortiz Hamermuller\n<\/p>\n","protected":false},"author":49,"featured_media":0,"comment_status":"closed","ping_status":"closed","sticky":false,"template":"","format":"standard","meta":{"_acf_changed":false,"iawp_total_views":0,"footnotes":""},"categories":[116],"tags":[137],"class_list":["post-9549","post","type-post","status-publish","format-standard","hentry","category-progepe","tag-horario-especial"],"acf":[],"_links":{"self":[{"href":"https:\/\/progepe.ufpr.br\/portarias\/wp-json\/wp\/v2\/posts\/9549","targetHints":{"allow":["GET"]}}],"collection":[{"href":"https:\/\/progepe.ufpr.br\/portarias\/wp-json\/wp\/v2\/posts"}],"about":[{"href":"https:\/\/progepe.ufpr.br\/portarias\/wp-json\/wp\/v2\/types\/post"}],"author":[{"embeddable":true,"href":"https:\/\/progepe.ufpr.br\/portarias\/wp-json\/wp\/v2\/users\/49"}],"replies":[{"embeddable":true,"href":"https:\/\/progepe.ufpr.br\/portarias\/wp-json\/wp\/v2\/comments?post=9549"}],"version-history":[{"count":1,"href":"https:\/\/progepe.ufpr.br\/portarias\/wp-json\/wp\/v2\/posts\/9549\/revisions"}],"predecessor-version":[{"id":190571,"href":"https:\/\/progepe.ufpr.br\/portarias\/wp-json\/wp\/v2\/posts\/9549\/revisions\/190571"}],"wp:attachment":[{"href":"https:\/\/progepe.ufpr.br\/portarias\/wp-json\/wp\/v2\/media?parent=9549"}],"wp:term":[{"taxonomy":"category","embeddable":true,"href":"https:\/\/progepe.ufpr.br\/portarias\/wp-json\/wp\/v2\/categories?post=9549"},{"taxonomy":"post_tag","embeddable":true,"href":"https:\/\/progepe.ufpr.br\/portarias\/wp-json\/wp\/v2\/tags?post=9549"}],"curies":[{"name":"wp","href":"https:\/\/api.w.org\/{rel}","templated":true}]}}