{"id":95751,"date":"2016-04-19T10:17:00","date_gmt":"2016-04-19T13:17:00","guid":{"rendered":"http:\/\/progepe.ufpr.br\/portarias\/progepe-2016-16660\/"},"modified":"2024-08-19T14:26:18","modified_gmt":"2024-08-19T17:26:18","slug":"progepe-2016-16660","status":"publish","type":"post","link":"https:\/\/progepe.ufpr.br\/portarias\/progepe-2016-16660\/","title":{"rendered":"PORTARIA N\u00ba 16660\/PROGEPE, DE 19 DE ABRIL DE 2016"},"content":{"rendered":"\n<p style=\"padding-left:43%\">A Pr\u00f3-Reitora de Gest\u00e3o de Pessoas da Universidade Federal do Paran\u00e1, no uso de suas atribui\u00e7\u00f5es, tendo em vista a compet\u00eancia que lhe \u00e9 conferida pela Portaria n\u00ba 2.590, de 26 de setembro de 1997, considerando o que consta na Resolu\u00e7\u00e3o n\u00ba 10\/2014-CEPE, e ainda o que consta no processo n\u00ba 113300\/2016-55,<\/p>\n\n\n\n<p style=\"padding-left:43%\"><strong>RESOLVE:<\/strong><\/p>\n\n\n\n<p>I. Conceder progress\u00e3o funcional \u00e0 servidora JOANA GUSMAO LEMOS &#8211; 204584, lotada no Departamento de Ci\u00eancia e Gest\u00e3o da Informa\u00e7\u00e3o do Setor de Ci\u00eancias Sociais Aplicadas, do n\u00edvel 5-01 da classe B &#8211; Assistente para o 6-01 da classe C &#8211; Adjunto, conforme parecer da CPPD na avalia\u00e7\u00e3o de desempenho, a partir de 16 de mar\u00e7o de 2016, tendo em vista ter obtido o t\u00edtulo de Doutora em Ci\u00eancias da Informa\u00e7\u00e3o.<\/p>\n\n\n\n<p>II. Conceder retribui\u00e7\u00e3o por titula\u00e7\u00e3o, de acordo com o Artigo 16 da Lei n\u00ba 12.772\/12, a partir da mesma data \u00e0 referida docente.<\/p>\n","protected":false},"excerpt":{"rendered":"<p>I. Conceder progress\u00e3o funcional \u00e0 servidora JOANA GUSMAO LEMOS &#8211; 204584, lotada no Departamento de Ci\u00eancia e Gest\u00e3o da Informa\u00e7\u00e3o do Setor de Ci\u00eancias Sociais Aplicadas, do n\u00edvel 5-01 da classe B &#8211; Assistente para o 6-01 da classe C &#8211; Adjunto, conforme parecer da CPPD na avalia\u00e7\u00e3o de desempenho, a partir de 16 de mar\u00e7o de 2016, tendo em vista ter obtido o t\u00edtulo de Doutora em Ci\u00eancias da Informa\u00e7\u00e3o.  II. Conceder retribui\u00e7\u00e3o por titula\u00e7\u00e3o, de acordo com o Artigo 16 da Lei n\u00ba 12.772\/12, a partir da mesma data \u00e0 referida docente.<\/p>\n","protected":false},"author":41,"featured_media":0,"comment_status":"closed","ping_status":"open","sticky":false,"template":"","format":"standard","meta":{"_acf_changed":false,"iawp_total_views":0,"footnotes":""},"categories":[116],"tags":[143,147],"class_list":["post-95751","post","type-post","status-publish","format-standard","hentry","category-progepe","tag-progressao-promocao","tag-retribuicao-titulacao"],"acf":[],"_links":{"self":[{"href":"https:\/\/progepe.ufpr.br\/portarias\/wp-json\/wp\/v2\/posts\/95751","targetHints":{"allow":["GET"]}}],"collection":[{"href":"https:\/\/progepe.ufpr.br\/portarias\/wp-json\/wp\/v2\/posts"}],"about":[{"href":"https:\/\/progepe.ufpr.br\/portarias\/wp-json\/wp\/v2\/types\/post"}],"author":[{"embeddable":true,"href":"https:\/\/progepe.ufpr.br\/portarias\/wp-json\/wp\/v2\/users\/41"}],"replies":[{"embeddable":true,"href":"https:\/\/progepe.ufpr.br\/portarias\/wp-json\/wp\/v2\/comments?post=95751"}],"version-history":[{"count":2,"href":"https:\/\/progepe.ufpr.br\/portarias\/wp-json\/wp\/v2\/posts\/95751\/revisions"}],"predecessor-version":[{"id":257107,"href":"https:\/\/progepe.ufpr.br\/portarias\/wp-json\/wp\/v2\/posts\/95751\/revisions\/257107"}],"wp:attachment":[{"href":"https:\/\/progepe.ufpr.br\/portarias\/wp-json\/wp\/v2\/media?parent=95751"}],"wp:term":[{"taxonomy":"category","embeddable":true,"href":"https:\/\/progepe.ufpr.br\/portarias\/wp-json\/wp\/v2\/categories?post=95751"},{"taxonomy":"post_tag","embeddable":true,"href":"https:\/\/progepe.ufpr.br\/portarias\/wp-json\/wp\/v2\/tags?post=95751"}],"curies":[{"name":"wp","href":"https:\/\/api.w.org\/{rel}","templated":true}]}}