{"id":96032,"date":"2016-06-28T10:23:00","date_gmt":"2016-06-28T13:23:00","guid":{"rendered":"http:\/\/progepe.ufpr.br\/portarias\/progepe-2016-18023\/"},"modified":"2023-08-03T12:13:48","modified_gmt":"2023-08-03T15:13:48","slug":"progepe-2016-18023","status":"publish","type":"post","link":"https:\/\/progepe.ufpr.br\/portarias\/progepe-2016-18023\/","title":{"rendered":"PORTARIA N\u00ba 18023\/PROGEPE, DE 28 DE JUNHO DE 2016"},"content":{"rendered":"\n<p>A Pr\u00f3-Reitora de Gest\u00e3o de Pessoas da Universidade Federal do Paran\u00e1, no uso de suas atribui\u00e7\u00f5es, tendo em vista a compet\u00eancia que lhe \u00e9 conferida pela Portaria n\u00ba 2.590, de 26 de setembro de 1997, de acordo com o Art. 10 da Lei n\u00ba 11.091\/05; a Resolu\u00e7\u00e3o CNS n\u00ba 04\/06; a Lei n\u00ba 12.772\/12; e, ainda o contido no processo n\u00ba 121416\/2016-68,<\/p>\n\n\n<p><strong>RESOLVE:<\/strong><\/p>\n\n\n<p>I. Conceder progress\u00e3o por capacita\u00e7\u00e3o profissional ao servidor FELIX VIEIRA VAREJAO NETO \u2013 203902, ocupante do cargo de T\u00e9cnico de Laborat\u00f3rio \u00c1rea, lotado no Departamento de Design do Setor de Artes, Comunica\u00e7\u00e3o e Design, do n\u00edvel D- 01 para o D-02, padr\u00e3o de Vencimento 02, a partir de 07 de mar\u00e7o de 2016, tendo em vista os certificados apresentado \u00e0s folhas 03 a 07 do citado processo. II. O citado servidor acumula apenas para a pr\u00f3xima progress\u00e3o por capacita\u00e7\u00e3o 15 h (quinze horas).<\/p>\n\n\n<div style=\"height:15px\" aria-hidden=\"true\" class=\"wp-block-spacer\"><\/div>\n\n\n<div class=\"wp-block-buttons is-content-justification-right is-layout-flex wp-container-core-buttons-is-layout-1 wp-block-buttons-is-layout-flex\">\n<div class=\"wp-block-button has-custom-font-size is-style-outline has-small-font-size is-style-outline--1\"><a class=\"wp-block-button__link\" href=\"https:\/\/progepe.ufpr.br\/portarias\/wp-content\/uploads\/pcp\/PROGEPE\/2016\/18023PR.pdf\" style=\"border-radius:0px\" target=\"_blank\" rel=\"noreferrer noopener\">Acesse o arquivo da portaria<\/a><\/div><\/div>\n","protected":false},"excerpt":{"rendered":"<p>I. Conceder progress\u00e3o por capacita\u00e7\u00e3o profissional ao servidor FELIX VIEIRA VAREJAO NETO \u2013 203902, ocupante do cargo de T\u00e9cnico de Laborat\u00f3rio \u00c1rea, lotado no Departamento de Design do Setor de Artes, Comunica\u00e7\u00e3o e Design, do n\u00edvel D- 01 para o D-02, padr\u00e3o de Vencimento 02, a partir de 07 de mar\u00e7o de 2016, tendo em vista os certificados apresentado \u00e0s folhas 03 a 07 do citado processo. II. O citado servidor acumula apenas para a pr\u00f3xima progress\u00e3o por capacita\u00e7\u00e3o 15 h (quinze horas).  {&#8220;height&#8221;:&#8221;15px&#8221;} <\/p>\n<div style=\"height:15px\" aria-hidden=\"true\" class=\"wp-block-spacer\"> <!-- \/wp:spacer  {\"layout\":{\"type\":\"flex\",\"justifyContent\":\"right\"}} \n\n<div class=\"wp-block-buttons\"><!-- wp:button {\"style\":{\"border\":{\"radius\":\"0px\"}},\"className\":\"is-style-outline\",\"fontSize\":\"small\"} \n\n<div \n\n","protected":false},"author":41,"featured_media":0,"comment_status":"closed","ping_status":"open","sticky":false,"template":"wp-custom-template-emissao-entre-01-05-2004-ate-30-06-2017","format":"standard","meta":{"_acf_changed":false,"iawp_total_views":0,"footnotes":""},"categories":[116],"tags":[143],"class_list":["post-96032","post","type-post","status-publish","format-standard","hentry","category-progepe","tag-progressao-promocao"],"acf":[],"_links":{"self":[{"href":"https:\/\/progepe.ufpr.br\/portarias\/wp-json\/wp\/v2\/posts\/96032","targetHints":{"allow":["GET"]}}],"collection":[{"href":"https:\/\/progepe.ufpr.br\/portarias\/wp-json\/wp\/v2\/posts"}],"about":[{"href":"https:\/\/progepe.ufpr.br\/portarias\/wp-json\/wp\/v2\/types\/post"}],"author":[{"embeddable":true,"href":"https:\/\/progepe.ufpr.br\/portarias\/wp-json\/wp\/v2\/users\/41"}],"replies":[{"embeddable":true,"href":"https:\/\/progepe.ufpr.br\/portarias\/wp-json\/wp\/v2\/comments?post=96032"}],"version-history":[{"count":1,"href":"https:\/\/progepe.ufpr.br\/portarias\/wp-json\/wp\/v2\/posts\/96032\/revisions"}],"predecessor-version":[{"id":119127,"href":"https:\/\/progepe.ufpr.br\/portarias\/wp-json\/wp\/v2\/posts\/96032\/revisions\/119127"}],"wp:attachment":[{"href":"https:\/\/progepe.ufpr.br\/portarias\/wp-json\/wp\/v2\/media?parent=96032"}],"wp:term":[{"taxonomy":"category","embeddable":true,"href":"https:\/\/progepe.ufpr.br\/portarias\/wp-json\/wp\/v2\/categories?post=96032"},{"taxonomy":"post_tag","embeddable":true,"href":"https:\/\/progepe.ufpr.br\/portarias\/wp-json\/wp\/v2\/tags?post=96032"}],"curies":[{"name":"wp","href":"https:\/\/api.w.org\/{rel}","templated":true}]}}