{"id":9609,"date":"2019-10-11T20:00:00","date_gmt":"2019-10-11T23:00:00","guid":{"rendered":"http:\/\/progepe.ufpr.br\/portal\/?post_type=portarias&#038;p=9609"},"modified":"2024-09-04T16:18:17","modified_gmt":"2024-09-04T19:18:17","slug":"dd-2019-00538","status":"publish","type":"post","link":"https:\/\/progepe.ufpr.br\/portarias\/dd-2019-00538\/","title":{"rendered":"PORTARIA N\u00ba 00538\/DD, DE 11 DE OUTUBRO DE 2019"},"content":{"rendered":"\n<p style=\"padding-left:43%\">O Diretor Disciplinar da Universidade Federal do Paran\u00e1, no uso de suas atribui\u00e7\u00f5es, tendo em vista a compet\u00eancia que lhe \u00e9 conferida pela Portaria n\u00ba 593\/REITORIA, de 28 de agosto de 2017, o disposto nos artigos 143, 148, 149 e 152 da Lei n\u00ba 8.112, de 11 de dezembro de 1990, e o que consta no processo 23075.059210\/2018-73,<\/p>\n\n\n\n<p style=\"padding-left:43%\"><strong>RESOLVE:<\/strong><\/p>\n\n\n\n<p>Prorrogar por 60 (sessenta) dias o prazo para conclus\u00e3o dos trabalhos da Comiss\u00e3o de Processo Administrativo Disciplinar de que trata a <a href=\"https:\/\/progepe.ufpr.br\/portarias\/dd-2019-00472\/\" data-type=\"post\" data-id=\"68863\">Portaria n\u00ba 472\/DD, de 12 de agosto de 2019<\/a>.<\/p>\n","protected":false},"excerpt":{"rendered":"<p>Prorrogar por 60 (sessenta) dias o prazo para conclus\u00e3o dos trabalhos da Comiss\u00e3o de Processo Administrativo Disciplinar de que trata a <a href=\"https:\/\/progepe.ufpr.br\/portarias\/dd-2019-00472\/\" data-type=\"post\" data-id=\"68863\">Portaria n\u00ba 472\/DD, de 12 de agosto de 2019<\/a>.<\/p>\n","protected":false},"author":12,"featured_media":0,"comment_status":"closed","ping_status":"closed","sticky":false,"template":"","format":"standard","meta":{"_acf_changed":false,"iawp_total_views":0,"footnotes":""},"categories":[118],"tags":[132],"class_list":["post-9609","post","type-post","status-publish","format-standard","hentry","category-dd","tag-pad-sindicancia"],"acf":[],"_links":{"self":[{"href":"https:\/\/progepe.ufpr.br\/portarias\/wp-json\/wp\/v2\/posts\/9609","targetHints":{"allow":["GET"]}}],"collection":[{"href":"https:\/\/progepe.ufpr.br\/portarias\/wp-json\/wp\/v2\/posts"}],"about":[{"href":"https:\/\/progepe.ufpr.br\/portarias\/wp-json\/wp\/v2\/types\/post"}],"author":[{"embeddable":true,"href":"https:\/\/progepe.ufpr.br\/portarias\/wp-json\/wp\/v2\/users\/12"}],"replies":[{"embeddable":true,"href":"https:\/\/progepe.ufpr.br\/portarias\/wp-json\/wp\/v2\/comments?post=9609"}],"version-history":[{"count":4,"href":"https:\/\/progepe.ufpr.br\/portarias\/wp-json\/wp\/v2\/posts\/9609\/revisions"}],"predecessor-version":[{"id":257177,"href":"https:\/\/progepe.ufpr.br\/portarias\/wp-json\/wp\/v2\/posts\/9609\/revisions\/257177"}],"wp:attachment":[{"href":"https:\/\/progepe.ufpr.br\/portarias\/wp-json\/wp\/v2\/media?parent=9609"}],"wp:term":[{"taxonomy":"category","embeddable":true,"href":"https:\/\/progepe.ufpr.br\/portarias\/wp-json\/wp\/v2\/categories?post=9609"},{"taxonomy":"post_tag","embeddable":true,"href":"https:\/\/progepe.ufpr.br\/portarias\/wp-json\/wp\/v2\/tags?post=9609"}],"curies":[{"name":"wp","href":"https:\/\/api.w.org\/{rel}","templated":true}]}}