{"id":9621,"date":"2019-10-11T20:01:00","date_gmt":"2019-10-11T23:01:00","guid":{"rendered":"http:\/\/progepe.ufpr.br\/portal\/?post_type=portarias&#038;p=9621"},"modified":"2023-08-03T11:03:05","modified_gmt":"2023-08-03T14:03:05","slug":"dd-2019-00539","status":"publish","type":"post","link":"https:\/\/progepe.ufpr.br\/portarias\/dd-2019-00539\/","title":{"rendered":"PORTARIA N\u00ba 00539\/DD, DE 11 DE OUTUBRO DE 2019"},"content":{"rendered":"\n<p><strong>O Diretor Disciplinar da\nUniversidade Federal do Paran\u00e1, <\/strong>no uso de suas atribui\u00e7\u00f5es, tendo em\nvista a compet\u00eancia que lhe \u00e9 conferida pela Portaria n\u00ba 593\/REITORIA, de 28 de\nagosto de 2017, o disposto no artigo 143 da Lei n\u00ba 8.112, de 11 de dezembro de\n1990, nos artigos 19, 20 e 21 da Instru\u00e7\u00e3o Normativa CGU n\u00ba 14, de 14 de\nnovembro de 2018, e o que consta no Processo 23075.040876\/2019-39, &nbsp;<\/p>\n\n\n\n<p>RESOLVE:<\/p>\n\n\n\n<p>Prorrogar\npor 60 (sessenta) dias, a contar de 12 de outubro de 2019, o prazo para\nconclus\u00e3o dos trabalhos da Comiss\u00e3o de Sindic\u00e2ncia Investigativa de que trata a\nPortaria n\u00ba 473\/DD, de 13 de agosto de 2019.<\/p>\n\n\n\n<p style=\"text-align:center\">MANOEL ROBERTO SILVA DE SOUZA <\/p>\n\n\n\n<p style=\"text-align:center\">Diretor Disciplinar <\/p>\n","protected":false},"excerpt":{"rendered":"<p>Prorrogar por 60 (sessenta) dias, a contar de 12 de outubro de 2019, o prazo para conclus\u00e3o dos trabalhos da Comiss\u00e3o de Sindic\u00e2ncia Investigativa de que trata a Portaria n\u00ba 473\/DD, de 13 de agosto de 2019.  <!-- wp:paragraph {\"align\":\"center\"} \n\n<p style=\"text-align:center\">MANOEL ROBERTO SILVA DE SOUZA  <!-- wp:paragraph {\"align\":\"center\"} \n\n<p style=\"text-align:center\">Diretor Disciplinar\n<\/p>\n","protected":false},"author":12,"featured_media":0,"comment_status":"closed","ping_status":"closed","sticky":false,"template":"","format":"standard","meta":{"_acf_changed":false,"iawp_total_views":0,"footnotes":""},"categories":[118],"tags":[132],"class_list":["post-9621","post","type-post","status-publish","format-standard","hentry","category-dd","tag-pad-sindicancia"],"acf":[],"_links":{"self":[{"href":"https:\/\/progepe.ufpr.br\/portarias\/wp-json\/wp\/v2\/posts\/9621","targetHints":{"allow":["GET"]}}],"collection":[{"href":"https:\/\/progepe.ufpr.br\/portarias\/wp-json\/wp\/v2\/posts"}],"about":[{"href":"https:\/\/progepe.ufpr.br\/portarias\/wp-json\/wp\/v2\/types\/post"}],"author":[{"embeddable":true,"href":"https:\/\/progepe.ufpr.br\/portarias\/wp-json\/wp\/v2\/users\/12"}],"replies":[{"embeddable":true,"href":"https:\/\/progepe.ufpr.br\/portarias\/wp-json\/wp\/v2\/comments?post=9621"}],"version-history":[{"count":2,"href":"https:\/\/progepe.ufpr.br\/portarias\/wp-json\/wp\/v2\/posts\/9621\/revisions"}],"predecessor-version":[{"id":190574,"href":"https:\/\/progepe.ufpr.br\/portarias\/wp-json\/wp\/v2\/posts\/9621\/revisions\/190574"}],"wp:attachment":[{"href":"https:\/\/progepe.ufpr.br\/portarias\/wp-json\/wp\/v2\/media?parent=9621"}],"wp:term":[{"taxonomy":"category","embeddable":true,"href":"https:\/\/progepe.ufpr.br\/portarias\/wp-json\/wp\/v2\/categories?post=9621"},{"taxonomy":"post_tag","embeddable":true,"href":"https:\/\/progepe.ufpr.br\/portarias\/wp-json\/wp\/v2\/tags?post=9621"}],"curies":[{"name":"wp","href":"https:\/\/api.w.org\/{rel}","templated":true}]}}