{"id":96252,"date":"2016-08-17T10:32:00","date_gmt":"2016-08-17T13:32:00","guid":{"rendered":"http:\/\/progepe.ufpr.br\/portarias\/progepe-2016-18941\/"},"modified":"2023-08-03T12:15:28","modified_gmt":"2023-08-03T15:15:28","slug":"progepe-2016-18941","status":"publish","type":"post","link":"https:\/\/progepe.ufpr.br\/portarias\/progepe-2016-18941\/","title":{"rendered":"PORTARIA N\u00ba 18941\/PROGEPE, DE 17 DE AGOSTO DE 2016"},"content":{"rendered":"\n<p>A Pr\u00f3-Reitora de Gest\u00e3o de Pessoas da Universidade Federal do Paran\u00e1, no uso de suas atribui\u00e7\u00f5es, tendo em vista a compet\u00eancia que lhe \u00e9 conferida pela Portaria n\u00ba 2.590, de 26 de setembro de 1997, de acordo com o Art. 10, \u00a7 1\u00ba e 4\u00ba da Lei n\u00ba 11.091\/05; Art.  4\u00ba  \u00a7 1\u00ba do Decreto n\u00ba 5.824\/06;  Portaria  MEC 09\/06;  Portaria  MEC  39\/11;  Parecer  MEC 50151\/2015\/DCC\/COLEP\/CGGP\/SAA;  e,  ainda  o  contido  no processo n\u00ba 144245\/2016-45,<\/p>\n\n\n<p><strong>RESOLVE:<\/strong><\/p>\n\n\n<p>Conceder  progress\u00e3o  por  capacita\u00e7\u00e3o  profissional  \u00e0  servidora FABIANE MARQUES DA CRUZ CRIVELLARO \u2013 203404, ocupante do cargo de Assistente em Administra\u00e7\u00e3o, lotada na Auditoria Interna da UFPR do Gabinete do Reitor, do n\u00edvel D-02 para o D-03, padr\u00e3o de Vencimento 03, a partir de 06 de julho de 2016,  tendo em vista os certificados apresentado \u00e0s folhas 02 a 04 do citado processo.<\/p>\n\n\n<div style=\"height:15px\" aria-hidden=\"true\" class=\"wp-block-spacer\"><\/div>\n\n\n<div class=\"wp-block-buttons is-content-justification-right is-layout-flex wp-container-core-buttons-is-layout-1 wp-block-buttons-is-layout-flex\">\n<div class=\"wp-block-button has-custom-font-size is-style-outline has-small-font-size is-style-outline--1\"><a class=\"wp-block-button__link\" href=\"https:\/\/progepe.ufpr.br\/portarias\/wp-content\/uploads\/pcp\/PROGEPE\/2016\/18941PR.pdf\" style=\"border-radius:0px\" target=\"_blank\" rel=\"noreferrer noopener\">Acesse o arquivo da portaria<\/a><\/div><\/div>\n","protected":false},"excerpt":{"rendered":"<p>Conceder progress\u00e3o por capacita\u00e7\u00e3o profissional \u00e0 servidora FABIANE MARQUES DA CRUZ CRIVELLARO \u2013 203404, ocupante do cargo de Assistente em Administra\u00e7\u00e3o, lotada na Auditoria Interna da UFPR do Gabinete do Reitor, do n\u00edvel D-02 para o D-03, padr\u00e3o de Vencimento 03, a partir de 06 de julho de 2016, tendo em vista os certificados apresentado \u00e0s folhas 02 a 04 do citado processo.  {&#8220;height&#8221;:&#8221;15px&#8221;} <\/p>\n<div style=\"height:15px\" aria-hidden=\"true\" class=\"wp-block-spacer\"> <!-- \/wp:spacer  {\"layout\":{\"type\":\"flex\",\"justifyContent\":\"right\"}} \n\n<div class=\"wp-block-buttons\"><!-- wp:button {\"style\":{\"border\":{\"radius\":\"0px\"}},\"className\":\"is-style-outline\",\"fontSize\":\"small\"} \n\n<div class=\"wp-block-button has-custom-font-size is-style-outline has-small-font-size\"><a class=\"wp-block-button__link\" href=\"https:\/\/progepe.ufpr.br\/portarias\/wp-content\/uploads\/pcp\/PROGEPE\/2016\/18941PR.pdf\" style=\"border-radius:0px\" target=\"_blank\" rel=\"noreferrer noopener\">Acesse o arquivo da portaria<\/a><!-- \/wp:button <!\n<\/p>\n","protected":false},"author":41,"featured_media":0,"comment_status":"closed","ping_status":"open","sticky":false,"template":"wp-custom-template-emissao-entre-01-05-2004-ate-30-06-2017","format":"standard","meta":{"_acf_changed":false,"iawp_total_views":1,"footnotes":""},"categories":[116],"tags":[143],"class_list":["post-96252","post","type-post","status-publish","format-standard","hentry","category-progepe","tag-progressao-promocao"],"acf":[],"_links":{"self":[{"href":"https:\/\/progepe.ufpr.br\/portarias\/wp-json\/wp\/v2\/posts\/96252","targetHints":{"allow":["GET"]}}],"collection":[{"href":"https:\/\/progepe.ufpr.br\/portarias\/wp-json\/wp\/v2\/posts"}],"about":[{"href":"https:\/\/progepe.ufpr.br\/portarias\/wp-json\/wp\/v2\/types\/post"}],"author":[{"embeddable":true,"href":"https:\/\/progepe.ufpr.br\/portarias\/wp-json\/wp\/v2\/users\/41"}],"replies":[{"embeddable":true,"href":"https:\/\/progepe.ufpr.br\/portarias\/wp-json\/wp\/v2\/comments?post=96252"}],"version-history":[{"count":1,"href":"https:\/\/progepe.ufpr.br\/portarias\/wp-json\/wp\/v2\/posts\/96252\/revisions"}],"predecessor-version":[{"id":119322,"href":"https:\/\/progepe.ufpr.br\/portarias\/wp-json\/wp\/v2\/posts\/96252\/revisions\/119322"}],"wp:attachment":[{"href":"https:\/\/progepe.ufpr.br\/portarias\/wp-json\/wp\/v2\/media?parent=96252"}],"wp:term":[{"taxonomy":"category","embeddable":true,"href":"https:\/\/progepe.ufpr.br\/portarias\/wp-json\/wp\/v2\/categories?post=96252"},{"taxonomy":"post_tag","embeddable":true,"href":"https:\/\/progepe.ufpr.br\/portarias\/wp-json\/wp\/v2\/tags?post=96252"}],"curies":[{"name":"wp","href":"https:\/\/api.w.org\/{rel}","templated":true}]}}