{"id":97407,"date":"2015-04-27T05:01:00","date_gmt":"2015-04-27T08:01:00","guid":{"rendered":"http:\/\/progepe.ufpr.br\/portarias\/rt-2015-01730\/"},"modified":"2023-08-03T13:09:39","modified_gmt":"2023-08-03T16:09:39","slug":"rt-2015-01730","status":"publish","type":"post","link":"https:\/\/progepe.ufpr.br\/portarias\/rt-2015-01730\/","title":{"rendered":"PORTARIA N\u00ba 01730\/REITORIA, DE 27 DE ABRIL DE 2015"},"content":{"rendered":"\n<p>O Reitor da Universidade Federal do Paran\u00e1, no uso de suas atribui\u00e7\u00f5es e tendo em vista o que consta no processo n\u00ba 072622\/2015-56,<\/p>\n\n\n<p><strong>RESOLVE:<\/strong><\/p>\n\n\n<p>Designar para compor comiss\u00e3o organizadora da 7\u00aa Semana de Integra\u00e7\u00e3o de Ensino, Pesquisa e Extens\u00e3o &#8211; SIEPE, os seguintes membros: Presidente: DIONE MARIA MENZ &#8211; 098558 Membros: MARILUCI ALVES MAFTUM &#8211; 180947 IARA PICCHIONI THIELEN &#8211; 083984 IVANISE DO ROCIO DZIECIOL &#8211; 133086 NATANAEL MOREIRA DA SILVA &#8211; 204409 MARIA VIRGINIA FILOMENA CREMASCO &#8211; 168327 BEATRIZ REGINA PAUPERIO<\/p>\n\n\n<div style=\"height:15px\" aria-hidden=\"true\" class=\"wp-block-spacer\"><\/div>\n\n\n<div class=\"wp-block-buttons is-content-justification-right is-layout-flex wp-container-core-buttons-is-layout-1 wp-block-buttons-is-layout-flex\">\n<div class=\"wp-block-button has-custom-font-size is-style-outline has-small-font-size is-style-outline--1\"><a class=\"wp-block-button__link\" href=\"https:\/\/progepe.ufpr.br\/portarias\/wp-content\/uploads\/pcp\/RT\/2015\/1730R.pdf\" style=\"border-radius:0px\" target=\"_blank\" rel=\"noreferrer noopener\">Acesse o arquivo da portaria<\/a><\/div><\/div>\n","protected":false},"excerpt":{"rendered":"<p>Designar para compor comiss\u00e3o organizadora da 7\u00aa Semana de Integra\u00e7\u00e3o de Ensino, Pesquisa e Extens\u00e3o &#8211; SIEPE, os seguintes membros: Presidente: DIONE MARIA MENZ &#8211; 098558 Membros: MARILUCI ALVES MAFTUM &#8211; 180947 IARA PICCHIONI THIELEN &#8211; 083984 IVANISE DO ROCIO DZIECIOL &#8211; 133086 NATANAEL MOREIRA DA SILVA &#8211; 204409 MARIA VIRGINIA FILOMENA CREMASCO &#8211; 168327 BEATRIZ REGINA PAUPERIO  {&#8220;height&#8221;:&#8221;15px&#8221;} <\/p>\n<div style=\"height:15px\" aria-hidden=\"true\" class=\"wp-block-spacer\"> <!-- \/wp:spacer  {\"layout\":{\"type\":\"flex\",\"justifyContent\":\"right\"}} \n\n<div class=\"wp-block-buttons\"><!-- wp:button {\"style\":{\"border\":{\"radius\":\"0px\"}},\"className\":\"is-style-outline\",\"fontSize\":\"small\"} \n\n<div class=\"wp-block-button has-custom-font-size is-style-outline has-small-font-size\"><a class=\"wp-block-button__link\" href=\"https:\/\/progepe.ufpr.br\/portarias\/wp-content\/uploads\/pcp\/RT\/2015\/1730R.pdf\" style=\"border-radius:0px\" target=\"_blank\" rel=\"noreferrer noopener\">Acesse o arquivo da portaria<\/a><!-- \/wp:button <!-- \/wp:but\n<\/p>\n","protected":false},"author":41,"featured_media":0,"comment_status":"closed","ping_status":"open","sticky":false,"template":"wp-custom-template-emissao-entre-01-05-2004-ate-30-06-2017","format":"standard","meta":{"_acf_changed":false,"iawp_total_views":0,"footnotes":""},"categories":[117],"tags":[124],"class_list":["post-97407","post","type-post","status-publish","format-standard","hentry","category-rt","tag-comissao"],"acf":[],"_links":{"self":[{"href":"https:\/\/progepe.ufpr.br\/portarias\/wp-json\/wp\/v2\/posts\/97407","targetHints":{"allow":["GET"]}}],"collection":[{"href":"https:\/\/progepe.ufpr.br\/portarias\/wp-json\/wp\/v2\/posts"}],"about":[{"href":"https:\/\/progepe.ufpr.br\/portarias\/wp-json\/wp\/v2\/types\/post"}],"author":[{"embeddable":true,"href":"https:\/\/progepe.ufpr.br\/portarias\/wp-json\/wp\/v2\/users\/41"}],"replies":[{"embeddable":true,"href":"https:\/\/progepe.ufpr.br\/portarias\/wp-json\/wp\/v2\/comments?post=97407"}],"version-history":[{"count":1,"href":"https:\/\/progepe.ufpr.br\/portarias\/wp-json\/wp\/v2\/posts\/97407\/revisions"}],"predecessor-version":[{"id":145281,"href":"https:\/\/progepe.ufpr.br\/portarias\/wp-json\/wp\/v2\/posts\/97407\/revisions\/145281"}],"wp:attachment":[{"href":"https:\/\/progepe.ufpr.br\/portarias\/wp-json\/wp\/v2\/media?parent=97407"}],"wp:term":[{"taxonomy":"category","embeddable":true,"href":"https:\/\/progepe.ufpr.br\/portarias\/wp-json\/wp\/v2\/categories?post=97407"},{"taxonomy":"post_tag","embeddable":true,"href":"https:\/\/progepe.ufpr.br\/portarias\/wp-json\/wp\/v2\/tags?post=97407"}],"curies":[{"name":"wp","href":"https:\/\/api.w.org\/{rel}","templated":true}]}}