{"id":9744,"date":"2019-10-14T05:00:00","date_gmt":"2019-10-14T08:00:00","guid":{"rendered":"http:\/\/progepe.ufpr.br\/portal\/?post_type=portarias&#038;p=9744"},"modified":"2023-08-03T13:16:20","modified_gmt":"2023-08-03T16:16:20","slug":"rt-2019-00885","status":"publish","type":"post","link":"https:\/\/progepe.ufpr.br\/portarias\/rt-2019-00885\/","title":{"rendered":"PORTARIA N\u00ba 00885\/REITORIA, DE 09 DE OUTUBRO DE 2019"},"content":{"rendered":"\n<p><strong>O Reitor da Universidade Federal do Paran\u00e1, <\/strong>no uso de suas atribui\u00e7\u00f5es e tendo em vista a indica\u00e7\u00e3o de nomes pela\nComiss\u00e3o Especial de Valida\u00e7\u00e3o de Autodeclara\u00e7\u00e3o de candidatos a processos\nseletivos da UFPR autoidentificados pretos ou pardos (CEV-PP), conforme\ndisposto no \u00a7 2\u00ba do Art. 7\u00ba da Resolu\u00e7\u00e3o n\u00ba 20\/2017-CEPE; e, o que consta no\nprocesso n\u00ba 23075.071715\/2019-97,<\/p>\n\n\n\n<p>RESOLVE:<\/p>\n\n\n\n<p>Designar, a\npartir de 04 de outubro de 2019, o servidor IPOJUCAN CALIXTO FRAIZ &#8211;\n6342533, Professor do Magist\u00e9rio Superior, lotado no Departamento de Sa\u00fade\nComunit\u00e1ria do Setor de Ci\u00eancias da Sa\u00fade, para compor o cadastro de consultores para\nvalida\u00e7\u00e3o de autodeclara\u00e7\u00e3o de candidatos com defici\u00eancia, em\ncomplementa\u00e7\u00e3o \u00e0 Portaria n\u00ba 544\/REITORIA, de 25 de setembro de 2018, tendo\nem vista participa\u00e7\u00e3o na Banca PcD do PS\/UFPR &#8211; 2020.<\/p>\n\n\n\n<p style=\"text-align:right\">Ricardo\nMarcelo Fonseca<\/p>\n","protected":false},"excerpt":{"rendered":"<p>Designar, a partir de 04 de outubro de 2019, o servidor IPOJUCAN CALIXTO FRAIZ &#8211; 6342533, Professor do Magist\u00e9rio Superior, lotado no Departamento de Sa\u00fade Comunit\u00e1ria do Setor de Ci\u00eancias da Sa\u00fade, para compor o cadastro de consultores para valida\u00e7\u00e3o de autodeclara\u00e7\u00e3o de candidatos com defici\u00eancia, em complementa\u00e7\u00e3o \u00e0 Portaria n\u00ba 544\/REITORIA, de 25 de setembro de 2018, tendo em vista participa\u00e7\u00e3o na Banca PcD do PS\/UFPR &#8211; 2020.  <!-- wp:paragraph {\"align\":\"right\"} \n\n<p style=\"text-align:right\">Ricardo Marcelo Fonseca\n<\/p>\n","protected":false},"author":49,"featured_media":0,"comment_status":"closed","ping_status":"closed","sticky":false,"template":"","format":"standard","meta":{"_acf_changed":false,"iawp_total_views":0,"footnotes":""},"categories":[117],"tags":[119],"class_list":["post-9744","post","type-post","status-publish","format-standard","hentry","category-rt","tag-diversos"],"acf":[],"_links":{"self":[{"href":"https:\/\/progepe.ufpr.br\/portarias\/wp-json\/wp\/v2\/posts\/9744","targetHints":{"allow":["GET"]}}],"collection":[{"href":"https:\/\/progepe.ufpr.br\/portarias\/wp-json\/wp\/v2\/posts"}],"about":[{"href":"https:\/\/progepe.ufpr.br\/portarias\/wp-json\/wp\/v2\/types\/post"}],"author":[{"embeddable":true,"href":"https:\/\/progepe.ufpr.br\/portarias\/wp-json\/wp\/v2\/users\/49"}],"replies":[{"embeddable":true,"href":"https:\/\/progepe.ufpr.br\/portarias\/wp-json\/wp\/v2\/comments?post=9744"}],"version-history":[{"count":1,"href":"https:\/\/progepe.ufpr.br\/portarias\/wp-json\/wp\/v2\/posts\/9744\/revisions"}],"predecessor-version":[{"id":190579,"href":"https:\/\/progepe.ufpr.br\/portarias\/wp-json\/wp\/v2\/posts\/9744\/revisions\/190579"}],"wp:attachment":[{"href":"https:\/\/progepe.ufpr.br\/portarias\/wp-json\/wp\/v2\/media?parent=9744"}],"wp:term":[{"taxonomy":"category","embeddable":true,"href":"https:\/\/progepe.ufpr.br\/portarias\/wp-json\/wp\/v2\/categories?post=9744"},{"taxonomy":"post_tag","embeddable":true,"href":"https:\/\/progepe.ufpr.br\/portarias\/wp-json\/wp\/v2\/tags?post=9744"}],"curies":[{"name":"wp","href":"https:\/\/api.w.org\/{rel}","templated":true}]}}