{"id":97448,"date":"2015-11-26T05:01:00","date_gmt":"2015-11-26T07:01:00","guid":{"rendered":"http:\/\/progepe.ufpr.br\/portarias\/rt-2015-02156\/"},"modified":"2024-09-17T13:19:23","modified_gmt":"2024-09-17T16:19:23","slug":"rt-2015-02156","status":"publish","type":"post","link":"https:\/\/progepe.ufpr.br\/portarias\/rt-2015-02156\/","title":{"rendered":"PORTARIA N\u00ba 02156\/REITORIA, DE 26 DE NOVEMBRO DE 2015"},"content":{"rendered":"\n<p style=\"padding-left:43%\">O Reitor da Universidade Federal do Paran\u00e1, no uso de suas atribui\u00e7\u00f5es e tendo em vista o que consta no processo n\u00ba 104672\/2015-18,<\/p>\n\n\n\n<p style=\"padding-left:43%\"><strong>RESOLVE:<\/strong><\/p>\n\n\n\n<p>I. Designar, a partir de 02 de outubro de 2015, para comporem a Comiss\u00e3o de \u00c9tica da Universidade Federal do Paran\u00e1, os seguintes membros:<\/p>\n\n\n\n<figure class=\"wp-block-table aligncenter has-small-font-size\"><table><tbody><tr><td class=\"has-text-align-right\" data-align=\"right\"><strong>Presidente:<\/strong><\/td><td>ALEXANDRE KNESEBECK &#8211; 114561<\/td><td>(1 ano)<\/td><\/tr><tr><td class=\"has-text-align-right\" data-align=\"right\"><strong>Titulares:<\/strong><\/td><td>PATRIZIA JU\u00c7ARA FERRI PANCOTTO &#8211; 200639<br>ALEXANDRE KIRILOV &#8211; 137650<\/td><td>(3 anos)<br>(3 anos)<\/td><\/tr><tr><td class=\"has-text-align-right\" data-align=\"right\"><strong>Suplentes:<\/strong><\/td><td>CHRISTEL LINGNAU &#8211; 154750<br>CIRLENE DE OLIVEIRA POMBO SCHULTZ &#8211; 148407<br>MELINA GIRARDI FACHIN &#8211; 203273<\/td><td>(1 ano)<br>(3 anos)<br>(3 anos)<\/td><\/tr><\/tbody><\/table><\/figure>\n\n\n\n<div style=\"height:1em\" aria-hidden=\"true\" class=\"wp-block-spacer\"><\/div>\n\n\n\n<p>II. Esta Portaria cessa, a partir de 02 de outubro de 2015, os efeitos da <a href=\"https:\/\/progepe.ufpr.br\/portarias\/rt-2013-00676\/\" data-type=\"post\" data-id=\"108779\">Portaria n\u00ba 676\/REITOR, de 23 de setembro de 2013<\/a>.<\/p>\n","protected":false},"excerpt":{"rendered":"<p>I. Designar, a partir de 02 de outubro de 2015, para comporem a Comiss\u00e3o de \u00c9tica da Universidade Federal do Paran\u00e1, os seguintes membros:  <!-- wp:table {\"align\":\"center\",\"fontSize\":\"small\"} \n\n<figure class=\"wp-block-table aligncenter has-small-font-size\">\n\n<table>\n\n<tbody>\n\n<tr>\n\n<td class=\"has-text-align-right\" data-align=\"right\"><strong>Presidente:<\/strong><\/td>\n\n\n\n<td>ALEXANDRE KNESEBECK - 114561<\/td>\n\n\n\n<td>(1 ano)<\/td>\n\n<\/tr>\n\n\n\n<tr>\n\n<td class=\"has-text-align-right\" data-align=\"right\"><strong>Titulares:<\/strong><\/td>\n\n\n\n<td>PATRIZIA JU\u00c7ARA FERRI PANCOTTO - 200639<br \/>ALEXANDRE KIRILOV - 137650<\/td>\n\n\n\n<td>(3 anos)<br \/>(3 anos)<\/td>\n\n<\/tr>\n\n\n\n<tr>\n\n<td class=\"has-text-align-right\" data-align=\"right\"><strong>Suplentes:<\/strong><\/td>\n\n\n\n<td>CHRISTEL LINGNAU - 154750<br \/>CIRLENE DE OLIVEIRA POMBO SCHULTZ - 148407<br \/>MELINA GIRARDI FACHIN - 203273<\/td>\n\n\n\n<td>(1 ano)<br \/>(3 anos)<br \/>(3 anos)<\/td>\n\n<\/tr>\n\n<\/tbody>\n\n<\/table>\n\n<\/figure>\n\n <!-- \/wp:table  {\"height\":\"1em\"} \n\n<div style=\"height:1em\" aria-hidden=\"true\" class=\"wp-block-spacer\"> <!-- \/wp\n<\/p>\n","protected":false},"author":41,"featured_media":0,"comment_status":"closed","ping_status":"open","sticky":false,"template":"","format":"standard","meta":{"_acf_changed":false,"iawp_total_views":2,"footnotes":""},"categories":[117],"tags":[124],"class_list":["post-97448","post","type-post","status-publish","format-standard","hentry","category-rt","tag-comissao"],"acf":[],"_links":{"self":[{"href":"https:\/\/progepe.ufpr.br\/portarias\/wp-json\/wp\/v2\/posts\/97448","targetHints":{"allow":["GET"]}}],"collection":[{"href":"https:\/\/progepe.ufpr.br\/portarias\/wp-json\/wp\/v2\/posts"}],"about":[{"href":"https:\/\/progepe.ufpr.br\/portarias\/wp-json\/wp\/v2\/types\/post"}],"author":[{"embeddable":true,"href":"https:\/\/progepe.ufpr.br\/portarias\/wp-json\/wp\/v2\/users\/41"}],"replies":[{"embeddable":true,"href":"https:\/\/progepe.ufpr.br\/portarias\/wp-json\/wp\/v2\/comments?post=97448"}],"version-history":[{"count":2,"href":"https:\/\/progepe.ufpr.br\/portarias\/wp-json\/wp\/v2\/posts\/97448\/revisions"}],"predecessor-version":[{"id":257337,"href":"https:\/\/progepe.ufpr.br\/portarias\/wp-json\/wp\/v2\/posts\/97448\/revisions\/257337"}],"wp:attachment":[{"href":"https:\/\/progepe.ufpr.br\/portarias\/wp-json\/wp\/v2\/media?parent=97448"}],"wp:term":[{"taxonomy":"category","embeddable":true,"href":"https:\/\/progepe.ufpr.br\/portarias\/wp-json\/wp\/v2\/categories?post=97448"},{"taxonomy":"post_tag","embeddable":true,"href":"https:\/\/progepe.ufpr.br\/portarias\/wp-json\/wp\/v2\/tags?post=97448"}],"curies":[{"name":"wp","href":"https:\/\/api.w.org\/{rel}","templated":true}]}}