{"id":97450,"date":"2015-12-01T05:00:00","date_gmt":"2015-12-01T07:00:00","guid":{"rendered":"http:\/\/progepe.ufpr.br\/portarias\/rt-2015-02167\/"},"modified":"2023-07-31T16:44:34","modified_gmt":"2023-07-31T19:44:34","slug":"rt-2015-02167","status":"publish","type":"post","link":"https:\/\/progepe.ufpr.br\/portarias\/rt-2015-02167\/","title":{"rendered":"PORTARIA N\u00ba 02167\/REITORIA, DE 01 DE DEZEMBRO DE 2015"},"content":{"rendered":"\n<p>O Reitor da Universidade Federal do Paran\u00e1, no uso de suas atribui\u00e7\u00f5es e tendo em vista o que consta no processo n\u00ba 073345\/2015-07,<\/p>\n\n\n<p><strong>RESOLVE:<\/strong><\/p>\n\n\n<p>Designar para compor a comiss\u00e3o respons\u00e1vel pela revis\u00e3o da Resolu\u00e7\u00e3o n\u00ba 35\/2011-CEPE, que estabelece normas para revalida\u00e7\u00e3o de diplomas de gradua\u00e7\u00e3o e p\u00f3s-gradua\u00e7\u00e3o expedidos por estabelecimentos estrangeiros, os seguintes integrantes: \uf0a7 RENATO SILVA DE SOUSA &#8211; 159913 \uf0a7 EVA CRISTINA RODRIGUES AVELAR DALMOLIN &#8211; 204161 \uf0a7 MARCOS WACHOWICZ &#8211; 203599 \uf0a7 JOSE OLIVIR DE FREITAS JUNIOR &#8211; 202371 \uf0a7 ROBSON TADEU BOLZON &#8211; 126233 \uf0a7 EDILSON SERGIO SILVEIRA &#8211; 158348<\/p>\n\n\n<div style=\"height:15px\" aria-hidden=\"true\" class=\"wp-block-spacer\"><\/div>\n\n\n<div class=\"wp-block-buttons is-content-justification-right is-layout-flex wp-container-core-buttons-is-layout-1 wp-block-buttons-is-layout-flex\">\n<div class=\"wp-block-button has-custom-font-size is-style-outline has-small-font-size is-style-outline--1\"><a class=\"wp-block-button__link\" href=\"https:\/\/progepe.ufpr.br\/portarias\/wp-content\/uploads\/pcp\/RT\/2015\/2167R.pdf\" style=\"border-radius:0px\" target=\"_blank\" rel=\"noreferrer noopener\">Acesse o arquivo da portaria<\/a><\/div><\/div>\n","protected":false},"excerpt":{"rendered":"<p>Designar para compor a comiss\u00e3o respons\u00e1vel pela revis\u00e3o da Resolu\u00e7\u00e3o n\u00ba 35\/2011-CEPE, que estabelece normas para revalida\u00e7\u00e3o de diplomas de gradua\u00e7\u00e3o e p\u00f3s-gradua\u00e7\u00e3o expedidos por estabelecimentos estrangeiros, os seguintes integrantes: \uf0a7 RENATO SILVA DE SOUSA &#8211; 159913 \uf0a7 EVA CRISTINA RODRIGUES AVELAR DALMOLIN &#8211; 204161 \uf0a7 MARCOS WACHOWICZ &#8211; 203599 \uf0a7 JOSE OLIVIR DE FREITAS JUNIOR &#8211; 202371 \uf0a7 ROBSON TADEU BOLZON &#8211; 126233 \uf0a7 EDILSON SERGIO SILVEIRA &#8211; 158348  {&#8220;height&#8221;:&#8221;15px&#8221;} <\/p>\n<div style=\"height:15px\" aria-hidden=\"true\" class=\"wp-block-spacer\"> <!-- \/wp:spacer  {\"layout\":{\"type\":\"flex\",\"justifyContent\":\"right\"}} \n\n<div class=\"wp-block-buttons\"><!-- wp:button {\"style\":{\"border\":{\"radius\":\"0px\"}},\"className\":\"is-style-outline\",\"fontSize\":\"small\"} \n\n<div class=\"wp-block-button has-custom-font-size is-style-outline has-small-font-size\"><a class=\"wp-block-button__link\" href=\"https:\/\/progepe.ufpr.br\/portarias\/wp-content\/uploads\/pcp\/RT\/2015\/2167R.pdf\" style=\"border-radius:0px\" target=\"_blank\" rel=\"nor\n<\/p>\n","protected":false},"author":41,"featured_media":0,"comment_status":"closed","ping_status":"open","sticky":false,"template":"wp-custom-template-emissao-entre-01-05-2004-ate-30-06-2017","format":"standard","meta":{"_acf_changed":false,"iawp_total_views":0,"footnotes":""},"categories":[117],"tags":[124],"class_list":["post-97450","post","type-post","status-publish","format-standard","hentry","category-rt","tag-comissao"],"acf":[],"_links":{"self":[{"href":"https:\/\/progepe.ufpr.br\/portarias\/wp-json\/wp\/v2\/posts\/97450","targetHints":{"allow":["GET"]}}],"collection":[{"href":"https:\/\/progepe.ufpr.br\/portarias\/wp-json\/wp\/v2\/posts"}],"about":[{"href":"https:\/\/progepe.ufpr.br\/portarias\/wp-json\/wp\/v2\/types\/post"}],"author":[{"embeddable":true,"href":"https:\/\/progepe.ufpr.br\/portarias\/wp-json\/wp\/v2\/users\/41"}],"replies":[{"embeddable":true,"href":"https:\/\/progepe.ufpr.br\/portarias\/wp-json\/wp\/v2\/comments?post=97450"}],"version-history":[{"count":1,"href":"https:\/\/progepe.ufpr.br\/portarias\/wp-json\/wp\/v2\/posts\/97450\/revisions"}],"predecessor-version":[{"id":145324,"href":"https:\/\/progepe.ufpr.br\/portarias\/wp-json\/wp\/v2\/posts\/97450\/revisions\/145324"}],"wp:attachment":[{"href":"https:\/\/progepe.ufpr.br\/portarias\/wp-json\/wp\/v2\/media?parent=97450"}],"wp:term":[{"taxonomy":"category","embeddable":true,"href":"https:\/\/progepe.ufpr.br\/portarias\/wp-json\/wp\/v2\/categories?post=97450"},{"taxonomy":"post_tag","embeddable":true,"href":"https:\/\/progepe.ufpr.br\/portarias\/wp-json\/wp\/v2\/tags?post=97450"}],"curies":[{"name":"wp","href":"https:\/\/api.w.org\/{rel}","templated":true}]}}