{"id":9750,"date":"2019-10-14T05:01:00","date_gmt":"2019-10-14T08:01:00","guid":{"rendered":"http:\/\/progepe.ufpr.br\/portal\/?post_type=portarias&#038;p=9750"},"modified":"2023-08-03T13:16:20","modified_gmt":"2023-08-03T16:16:20","slug":"rt-2019-00892","status":"publish","type":"post","link":"https:\/\/progepe.ufpr.br\/portarias\/rt-2019-00892\/","title":{"rendered":"PORTARIA N\u00ba 00892\/REITORIA, DE 09 DE OUTUBRO DE 2019"},"content":{"rendered":"\n<p><strong>O Reitor da Universidade Federal\ndo Paran\u00e1, <\/strong>no uso de suas\natribui\u00e7\u00f5es, tendo em vista o que consta no processo n\u00ba 23075.071174\/2019-05,<\/p>\n\n\n\n<p>RESOLVE:<\/p>\n\n\n\n<p>Designar comiss\u00e3o com o objetivo de organizar o evento de divulga\u00e7\u00e3o do resultado do Processo Seletivo 2019\/2020, com os seguintes membros:<\/p>\n\n\n\n<p><strong>Presidente: <\/strong><\/p>\n\n\n\n<p>CARLOS ALBERTO MARTINS DA ROCHA &#8211; 2213428<\/p>\n\n\n\n<p><strong>Membros: <\/strong><\/p>\n\n\n\n<p>ADELIA JUNGLOS ALVES &#8211; 343897<\/p>\n\n\n\n<p>ANDRE FILGUEIRA &#8211; 1908343<\/p>\n\n\n\n<p>ANGELICA DAL\u2019 NEGRO CARVALHO<\/p>\n\n\n\n<p>ALTAIR PIVOVAR &#8211; 3189581<\/p>\n\n\n\n<p>MARIA RITA DE ASSIS CESAR &#8211;\n2303058<\/p>\n\n\n\n<p>MARINES DE PAULI THOMAZ &#8211; 1170370<\/p>\n\n\n\n<p>NICOLLE CRISTINE PONCZEK\nRODRIGUES<\/p>\n\n\n\n<p>RAYMUNDO GARBELOTTI FILHO &#8211;\n6423924<\/p>\n\n\n\n<p style=\"text-align:right\">Ricardo\nMarcelo Fonseca<\/p>\n","protected":false},"excerpt":{"rendered":"<p>Designar comiss\u00e3o com o objetivo de organizar o evento de divulga\u00e7\u00e3o do resultado do Processo Seletivo 2019\/2020, com os seguintes membros:  <strong>Presidente: <\/strong>  CARLOS ALBERTO MARTINS DA ROCHA &#8211; 2213428  <strong>Membros: <\/strong>  ADELIA JUNGLOS ALVES &#8211; 343897  ANDRE FILGUEIRA &#8211; 1908343  ANGELICA DAL\u2019 NEGRO CARVALHO  ALTAIR PIVOVAR &#8211; 3189581  MARIA RITA DE ASSIS CESAR &#8211; 2303058  MARINES DE PAULI THOMAZ &#8211; 1170370  NICOLLE CRISTINE PONCZEK RODRIGUES  RAYMUNDO GARBELOTTI FILHO &#8211; 6423924  <!-- wp:paragraph {\"align\":\"right\"} \n\n<p style=\"text-align:right\">Ricardo Marcelo Fonseca\n<\/p>\n","protected":false},"author":49,"featured_media":0,"comment_status":"closed","ping_status":"closed","sticky":false,"template":"","format":"standard","meta":{"_acf_changed":false,"iawp_total_views":2,"footnotes":""},"categories":[117],"tags":[124],"class_list":["post-9750","post","type-post","status-publish","format-standard","hentry","category-rt","tag-comissao"],"acf":[],"_links":{"self":[{"href":"https:\/\/progepe.ufpr.br\/portarias\/wp-json\/wp\/v2\/posts\/9750","targetHints":{"allow":["GET"]}}],"collection":[{"href":"https:\/\/progepe.ufpr.br\/portarias\/wp-json\/wp\/v2\/posts"}],"about":[{"href":"https:\/\/progepe.ufpr.br\/portarias\/wp-json\/wp\/v2\/types\/post"}],"author":[{"embeddable":true,"href":"https:\/\/progepe.ufpr.br\/portarias\/wp-json\/wp\/v2\/users\/49"}],"replies":[{"embeddable":true,"href":"https:\/\/progepe.ufpr.br\/portarias\/wp-json\/wp\/v2\/comments?post=9750"}],"version-history":[{"count":1,"href":"https:\/\/progepe.ufpr.br\/portarias\/wp-json\/wp\/v2\/posts\/9750\/revisions"}],"predecessor-version":[{"id":190580,"href":"https:\/\/progepe.ufpr.br\/portarias\/wp-json\/wp\/v2\/posts\/9750\/revisions\/190580"}],"wp:attachment":[{"href":"https:\/\/progepe.ufpr.br\/portarias\/wp-json\/wp\/v2\/media?parent=9750"}],"wp:term":[{"taxonomy":"category","embeddable":true,"href":"https:\/\/progepe.ufpr.br\/portarias\/wp-json\/wp\/v2\/categories?post=9750"},{"taxonomy":"post_tag","embeddable":true,"href":"https:\/\/progepe.ufpr.br\/portarias\/wp-json\/wp\/v2\/tags?post=9750"}],"curies":[{"name":"wp","href":"https:\/\/api.w.org\/{rel}","templated":true}]}}