{"id":97517,"date":"2015-03-10T05:26:00","date_gmt":"2015-03-10T08:26:00","guid":{"rendered":"http:\/\/progepe.ufpr.br\/portarias\/rt-2015-01592\/"},"modified":"2023-08-03T13:09:24","modified_gmt":"2023-08-03T16:09:24","slug":"rt-2015-01592","status":"publish","type":"post","link":"https:\/\/progepe.ufpr.br\/portarias\/rt-2015-01592\/","title":{"rendered":"PORTARIA N\u00ba 01592\/REITORIA, DE 10 DE MAR\u00c7O DE 2015"},"content":{"rendered":"\n<p>O Reitor da Universidade Federal do Paran\u00e1, no uso de suas atribui\u00e7\u00f5es e tendo em vista o que consta no processo n\u00ba 065323\/2015-65,<\/p>\n\n\n<p><strong>RESOLVE:<\/strong><\/p>\n\n\n<p>Retificar a Portaria n\u00ba 1027\/REITOR, de 05 de maio de 2015, publicada no DOU n\u00ba 87, de 09 de maio de 2014, Se\u00e7\u00e3o 2, p\u00e1gina 34, referente \u00e0 nomea\u00e7\u00e3o da servidora SILVANA CASSIA HOELLER &#8211; 185736, em Fun\u00e7\u00e3o Comissionada de Coordena\u00e7\u00e3o de Curso \u2013 FCC:.<\/p><p> Onde se l\u00ea: &#8230; para exercer o cargo de Coordenador do Curso de Tecnologia em Agroecologia do Setor Litoral, &#8230; .<\/p><p> Leia-se: &#8230; para exercer a fun\u00e7\u00e3o de Coordenadora da C\u00e2mara do Curso de Tecnologia em Agroecologia do Setor Litoral, &#8230; .<\/p><p> Zaki Akel Sobrinho<\/p>\n\n\n<div style=\"height:15px\" aria-hidden=\"true\" class=\"wp-block-spacer\"><\/div>\n\n\n<div class=\"wp-block-buttons is-content-justification-right is-layout-flex wp-container-core-buttons-is-layout-1 wp-block-buttons-is-layout-flex\">\n<div class=\"wp-block-button has-custom-font-size is-style-outline has-small-font-size is-style-outline--1\"><a class=\"wp-block-button__link\" href=\"https:\/\/progepe.ufpr.br\/portarias\/wp-content\/uploads\/pcp\/RT\/2015\/1592R.pdf\" style=\"border-radius:0px\" target=\"_blank\" rel=\"noreferrer noopener\">Acesse o arquivo da portaria<\/a><\/div><\/div>\n","protected":false},"excerpt":{"rendered":"<p>Retificar a Portaria n\u00ba 1027\/REITOR, de 05 de maio de 2015, publicada no DOU n\u00ba 87, de 09 de maio de 2014, Se\u00e7\u00e3o 2, p\u00e1gina 34, referente \u00e0 nomea\u00e7\u00e3o da servidora SILVANA CASSIA HOELLER &#8211; 185736, em Fun\u00e7\u00e3o Comissionada de Coordena\u00e7\u00e3o de Curso \u2013 FCC:. Onde se l\u00ea: &#8230; para exercer o cargo de Coordenador do Curso de Tecnologia em Agroecologia do Setor Litoral, &#8230; . Leia-se: &#8230; para exercer a fun\u00e7\u00e3o de Coordenadora da C\u00e2mara do Curso de Tecnologia em Agroecologia do Setor Litoral, &#8230; . Zaki Akel Sobrinho  {&#8220;height&#8221;:&#8221;15px&#8221;} <\/p>\n<div style=\"height:15px\" aria-hidden=\"true\" class=\"wp-block-spacer\"> <!-- \/wp:spacer\n<\/p>\n","protected":false},"author":41,"featured_media":0,"comment_status":"closed","ping_status":"open","sticky":false,"template":"wp-custom-template-emissao-entre-01-05-2004-ate-30-06-2017","format":"standard","meta":{"_acf_changed":false,"iawp_total_views":0,"footnotes":""},"categories":[117],"tags":[243],"class_list":["post-97517","post","type-post","status-publish","format-standard","hentry","category-rt","tag-coordenador-vice"],"acf":[],"_links":{"self":[{"href":"https:\/\/progepe.ufpr.br\/portarias\/wp-json\/wp\/v2\/posts\/97517","targetHints":{"allow":["GET"]}}],"collection":[{"href":"https:\/\/progepe.ufpr.br\/portarias\/wp-json\/wp\/v2\/posts"}],"about":[{"href":"https:\/\/progepe.ufpr.br\/portarias\/wp-json\/wp\/v2\/types\/post"}],"author":[{"embeddable":true,"href":"https:\/\/progepe.ufpr.br\/portarias\/wp-json\/wp\/v2\/users\/41"}],"replies":[{"embeddable":true,"href":"https:\/\/progepe.ufpr.br\/portarias\/wp-json\/wp\/v2\/comments?post=97517"}],"version-history":[{"count":1,"href":"https:\/\/progepe.ufpr.br\/portarias\/wp-json\/wp\/v2\/posts\/97517\/revisions"}],"predecessor-version":[{"id":145391,"href":"https:\/\/progepe.ufpr.br\/portarias\/wp-json\/wp\/v2\/posts\/97517\/revisions\/145391"}],"wp:attachment":[{"href":"https:\/\/progepe.ufpr.br\/portarias\/wp-json\/wp\/v2\/media?parent=97517"}],"wp:term":[{"taxonomy":"category","embeddable":true,"href":"https:\/\/progepe.ufpr.br\/portarias\/wp-json\/wp\/v2\/categories?post=97517"},{"taxonomy":"post_tag","embeddable":true,"href":"https:\/\/progepe.ufpr.br\/portarias\/wp-json\/wp\/v2\/tags?post=97517"}],"curies":[{"name":"wp","href":"https:\/\/api.w.org\/{rel}","templated":true}]}}