{"id":97785,"date":"2015-06-01T05:04:00","date_gmt":"2015-06-01T08:04:00","guid":{"rendered":"http:\/\/progepe.ufpr.br\/portarias\/rt-2015-01804\/"},"modified":"2024-08-01T14:26:43","modified_gmt":"2024-08-01T17:26:43","slug":"rt-2015-01804","status":"publish","type":"post","link":"https:\/\/progepe.ufpr.br\/portarias\/rt-2015-01804\/","title":{"rendered":"PORTARIA N\u00ba 01804\/REITORIA, DE 01 DE JUNHO DE 2015"},"content":{"rendered":"\n<p style=\"padding-left:43%\">O Vice-Reitor da Universidade Federal do Paran\u00e1, no exerc\u00edcio do cargo de Reitor, no uso das atribui\u00e7\u00f5es e tendo em vista o que consta no processo n\u00ba 079870\/2015-28,<\/p>\n\n\n\n<p style=\"padding-left:43%\"><strong>RESOLVE:<\/strong><\/p>\n\n\n\n<p>Delegar compet\u00eancia ao Superintendente de Infraestrutura da UFPR, para ordenar despesas referentes a projetos arquitet\u00f4nicos e executivos, obras e manuten\u00e7\u00e3o nas edifica\u00e7\u00f5es da UFPR, para aprova\u00e7\u00e3o de termos de refer\u00eancia e projetos base, realiza\u00e7\u00e3o de cota\u00e7\u00f5es eletr\u00f4nicas, dispensas de licita\u00e7\u00f5es e inexigibilidade, solicita\u00e7\u00e3o de processos licitat\u00f3rios e emiss\u00e3o de notas de empenho.<\/p>\n","protected":false},"excerpt":{"rendered":"<p>Delegar compet\u00eancia ao Superintendente de Infraestrutura da UFPR, para ordenar despesas referentes a projetos arquitet\u00f4nicos e executivos, obras e manuten\u00e7\u00e3o nas edifica\u00e7\u00f5es da UFPR, para aprova\u00e7\u00e3o de termos de refer\u00eancia e projetos base, realiza\u00e7\u00e3o de cota\u00e7\u00f5es eletr\u00f4nicas, dispensas de licita\u00e7\u00f5es e inexigibilidade, solicita\u00e7\u00e3o de processos licitat\u00f3rios e emiss\u00e3o de notas de empenho.<\/p>\n","protected":false},"author":41,"featured_media":0,"comment_status":"closed","ping_status":"open","sticky":false,"template":"","format":"standard","meta":{"_acf_changed":false,"iawp_total_views":0,"footnotes":""},"categories":[117],"tags":[119],"class_list":["post-97785","post","type-post","status-publish","format-standard","hentry","category-rt","tag-diversos"],"acf":[],"_links":{"self":[{"href":"https:\/\/progepe.ufpr.br\/portarias\/wp-json\/wp\/v2\/posts\/97785","targetHints":{"allow":["GET"]}}],"collection":[{"href":"https:\/\/progepe.ufpr.br\/portarias\/wp-json\/wp\/v2\/posts"}],"about":[{"href":"https:\/\/progepe.ufpr.br\/portarias\/wp-json\/wp\/v2\/types\/post"}],"author":[{"embeddable":true,"href":"https:\/\/progepe.ufpr.br\/portarias\/wp-json\/wp\/v2\/users\/41"}],"replies":[{"embeddable":true,"href":"https:\/\/progepe.ufpr.br\/portarias\/wp-json\/wp\/v2\/comments?post=97785"}],"version-history":[{"count":2,"href":"https:\/\/progepe.ufpr.br\/portarias\/wp-json\/wp\/v2\/posts\/97785\/revisions"}],"predecessor-version":[{"id":256591,"href":"https:\/\/progepe.ufpr.br\/portarias\/wp-json\/wp\/v2\/posts\/97785\/revisions\/256591"}],"wp:attachment":[{"href":"https:\/\/progepe.ufpr.br\/portarias\/wp-json\/wp\/v2\/media?parent=97785"}],"wp:term":[{"taxonomy":"category","embeddable":true,"href":"https:\/\/progepe.ufpr.br\/portarias\/wp-json\/wp\/v2\/categories?post=97785"},{"taxonomy":"post_tag","embeddable":true,"href":"https:\/\/progepe.ufpr.br\/portarias\/wp-json\/wp\/v2\/tags?post=97785"}],"curies":[{"name":"wp","href":"https:\/\/api.w.org\/{rel}","templated":true}]}}