{"id":98328,"date":"2015-09-29T10:26:00","date_gmt":"2015-09-29T13:26:00","guid":{"rendered":"http:\/\/progepe.ufpr.br\/portarias\/progepe-2015-13417\/"},"modified":"2023-08-03T12:05:31","modified_gmt":"2023-08-03T15:05:31","slug":"progepe-2015-13417","status":"publish","type":"post","link":"https:\/\/progepe.ufpr.br\/portarias\/progepe-2015-13417\/","title":{"rendered":"PORTARIA N\u00ba 13417\/PROGEPE, DE 29 DE SETEMBRO DE 2015"},"content":{"rendered":"\n<p>A Pr\u00f3-Reitora de Gest\u00e3o de Pessoas da Universidade Federal do Paran\u00e1, no uso de suas atribui\u00e7\u00f5es, tendo em vista a compet\u00eancia que lhe \u00e9 conferida pela Portaria n\u00ba 2.590, de 26 de setembro de 1997 e considerando o que consta no processo n\u00ba 045640\/2014-84,<\/p>\n\n\n<p><strong>RESOLVE:<\/strong><\/p>\n\n\n<p>I. Conceder, conforme Parecer T\u00e9cnico n\u00ba 0053\/2015, o adicional de insalubridade, correspondente ao grau m\u00e9dio, a partir de 20 de outubro de 2014 at\u00e9 09 de dezembro de 2014, \u00e0 servidora MARIA CRISTINA MILINSK &#8211; 201456, ocupante do cargo de Professora, lotada no Departamento de Engenharias e Exatas do Setor Palotina, exercendo a fun\u00e7\u00e3o de Coordenadora do Curso Superior de Tecnologia em Biocombust\u00edveis do citado Setor, conforme Portaria n\u00ba 1.289\/REITOR, de 26 de setembro de 2014, publicada no DOU de 30.09.2014, Se\u00e7\u00e3o 2, p\u00e1g. 28.<\/p><p> II. Conceder, a partir de 10 de dezembro de 2014 at\u00e9 09 de fevereiro de 2015, o mesmo adicional para a citada servidora, lotada no Departamento de Engenharias e Exatas do Setor Palotina.<\/p><p><\/p>\n\n\n<div style=\"height:15px\" aria-hidden=\"true\" class=\"wp-block-spacer\"><\/div>\n\n\n<div class=\"wp-block-buttons is-content-justification-right is-layout-flex wp-container-core-buttons-is-layout-1 wp-block-buttons-is-layout-flex\">\n<div class=\"wp-block-button has-custom-font-size is-style-outline has-small-font-size is-style-outline--1\"><a class=\"wp-block-button__link\" href=\"https:\/\/progepe.ufpr.br\/portarias\/wp-content\/uploads\/pcp\/PROGEPE\/2015\/13417PR.pdf\" style=\"border-radius:0px\" target=\"_blank\" rel=\"noreferrer noopener\">Acesse o arquivo da portaria<\/a><\/div><\/div>\n","protected":false},"excerpt":{"rendered":"<p>I. Conceder, conforme Parecer T\u00e9cnico n\u00ba 0053\/2015, o adicional de insalubridade, correspondente ao grau m\u00e9dio, a partir de 20 de outubro de 2014 at\u00e9 09 de dezembro de 2014, \u00e0 servidora MARIA CRISTINA MILINSK &#8211; 201456, ocupante do cargo de Professora, lotada no Departamento de Engenharias e Exatas do Setor Palotina, exercendo a fun\u00e7\u00e3o de Coordenadora do Curso Superior de Tecnologia em Biocombust\u00edveis do citado Setor, conforme Portaria n\u00ba 1.289\/REITOR, de 26 de setembro de 2014, publicada no DOU de 30.09.2014, Se\u00e7\u00e3o 2, p\u00e1g. 28. II. Conceder, a partir de 10 de dezembro de 2014 at\u00e9 09 de<\/p>\n","protected":false},"author":41,"featured_media":0,"comment_status":"closed","ping_status":"open","sticky":false,"template":"wp-custom-template-emissao-entre-01-05-2004-ate-30-06-2017","format":"standard","meta":{"_acf_changed":false,"iawp_total_views":1,"footnotes":""},"categories":[116],"tags":[139],"class_list":["post-98328","post","type-post","status-publish","format-standard","hentry","category-progepe","tag-adicional"],"acf":[],"_links":{"self":[{"href":"https:\/\/progepe.ufpr.br\/portarias\/wp-json\/wp\/v2\/posts\/98328","targetHints":{"allow":["GET"]}}],"collection":[{"href":"https:\/\/progepe.ufpr.br\/portarias\/wp-json\/wp\/v2\/posts"}],"about":[{"href":"https:\/\/progepe.ufpr.br\/portarias\/wp-json\/wp\/v2\/types\/post"}],"author":[{"embeddable":true,"href":"https:\/\/progepe.ufpr.br\/portarias\/wp-json\/wp\/v2\/users\/41"}],"replies":[{"embeddable":true,"href":"https:\/\/progepe.ufpr.br\/portarias\/wp-json\/wp\/v2\/comments?post=98328"}],"version-history":[{"count":1,"href":"https:\/\/progepe.ufpr.br\/portarias\/wp-json\/wp\/v2\/posts\/98328\/revisions"}],"predecessor-version":[{"id":120431,"href":"https:\/\/progepe.ufpr.br\/portarias\/wp-json\/wp\/v2\/posts\/98328\/revisions\/120431"}],"wp:attachment":[{"href":"https:\/\/progepe.ufpr.br\/portarias\/wp-json\/wp\/v2\/media?parent=98328"}],"wp:term":[{"taxonomy":"category","embeddable":true,"href":"https:\/\/progepe.ufpr.br\/portarias\/wp-json\/wp\/v2\/categories?post=98328"},{"taxonomy":"post_tag","embeddable":true,"href":"https:\/\/progepe.ufpr.br\/portarias\/wp-json\/wp\/v2\/tags?post=98328"}],"curies":[{"name":"wp","href":"https:\/\/api.w.org\/{rel}","templated":true}]}}