{"id":98745,"date":"2015-01-22T10:07:00","date_gmt":"2015-01-22T12:07:00","guid":{"rendered":"http:\/\/progepe.ufpr.br\/portarias\/progepe-2015-10183\/"},"modified":"2023-08-03T11:59:52","modified_gmt":"2023-08-03T14:59:52","slug":"progepe-2015-10183","status":"publish","type":"post","link":"https:\/\/progepe.ufpr.br\/portarias\/progepe-2015-10183\/","title":{"rendered":"PORTARIA N\u00ba 10183\/PROGEPE, DE 22 DE JANEIRO DE 2015"},"content":{"rendered":"\n<p>O Pr\u00f3-Reitor de Gest\u00e3o de Pessoas da Universidade Federal do Paran\u00e1 em exerc\u00edcio, no uso de suas atribui\u00e7\u00f5es, tendo em vista a compet\u00eancia que lhe \u00e9 conferida pela Portaria n\u00ba 2.590, de 26 de setembro de 1997 e considerando o que consta no processo n\u00ba 046076\/2014-17,<\/p>\n\n\n<p><strong>RESOLVE:<\/strong><\/p>\n\n\n<p>Aposentar, nos termos do Art. 40 \u00a7 1\u00ba, Inciso I, \u00a7 21 da Constitui\u00e7\u00e3o Federal c\/c Art. 6\u00ba A da Emenda Constitucional n\u00ba 41\/2003, inclu\u00eddo pela Emenda Constitucional n\u00ba 70\/2012, a servidora IVONE DE FATIMA GON\u00c7ALVES DE JESUS BORBA &#8211; 133825, lotada no Hospital de Cl\u00ednicas, ocupante do cargo de Auxiliar de Enfermagem, n\u00edvel de Classifica\u00e7\u00e3o C, n\u00edvel de Capacita\u00e7\u00e3o IV, padr\u00e3o de Vencimento 12, no regime de trabalho de 40 (quarenta) horas semanais, mais a gratifica\u00e7\u00e3o adicional por tempo de servi\u00e7o, prevista no Art. 67 da Lei n\u00ba 8.112\/90, no \u00edndice de 04 (quatro por cento), calculada sobre o vencimento do mencionado cargo, mais o vencimento b\u00e1sico complementar, Art. 15 da Lei n\u00ba 11.091\/2005 e o incentivo \u00e0 qualifica\u00e7\u00e3o, Decreto n\u00ba 5.824\/2006.<\/p><p><\/p>\n\n\n<div style=\"height:15px\" aria-hidden=\"true\" class=\"wp-block-spacer\"><\/div>\n\n\n<div class=\"wp-block-buttons is-content-justification-right is-layout-flex wp-container-core-buttons-is-layout-1 wp-block-buttons-is-layout-flex\">\n<div class=\"wp-block-button has-custom-font-size is-style-outline has-small-font-size is-style-outline--1\"><a class=\"wp-block-button__link\" href=\"https:\/\/progepe.ufpr.br\/portarias\/wp-content\/uploads\/pcp\/PROGEPE\/2015\/10183PR.pdf\" style=\"border-radius:0px\" target=\"_blank\" rel=\"noreferrer noopener\">Acesse o arquivo da portaria<\/a><\/div><\/div>\n","protected":false},"excerpt":{"rendered":"<p>Aposentar, nos termos do Art. 40 \u00a7 1\u00ba, Inciso I, \u00a7 21 da Constitui\u00e7\u00e3o Federal c\/c Art. 6\u00ba A da Emenda Constitucional n\u00ba 41\/2003, inclu\u00eddo pela Emenda Constitucional n\u00ba 70\/2012, a servidora IVONE DE FATIMA GON\u00c7ALVES DE JESUS BORBA &#8211; 133825, lotada no Hospital de Cl\u00ednicas, ocupante do cargo de Auxiliar de Enfermagem, n\u00edvel de Classifica\u00e7\u00e3o C, n\u00edvel de Capacita\u00e7\u00e3o IV, padr\u00e3o de Vencimento 12, no regime de trabalho de 40 (quarenta) horas semanais, mais a gratifica\u00e7\u00e3o adicional por tempo de servi\u00e7o, prevista no Art. 67 da Lei n\u00ba 8.112\/90, no \u00edndice de 04 (quatro por cento), calculada<\/p>\n","protected":false},"author":41,"featured_media":0,"comment_status":"closed","ping_status":"open","sticky":false,"template":"wp-custom-template-emissao-entre-01-05-2004-ate-30-06-2017","format":"standard","meta":{"_acf_changed":false,"iawp_total_views":0,"footnotes":""},"categories":[116],"tags":[125],"class_list":["post-98745","post","type-post","status-publish","format-standard","hentry","category-progepe","tag-aposentadoria"],"acf":[],"_links":{"self":[{"href":"https:\/\/progepe.ufpr.br\/portarias\/wp-json\/wp\/v2\/posts\/98745","targetHints":{"allow":["GET"]}}],"collection":[{"href":"https:\/\/progepe.ufpr.br\/portarias\/wp-json\/wp\/v2\/posts"}],"about":[{"href":"https:\/\/progepe.ufpr.br\/portarias\/wp-json\/wp\/v2\/types\/post"}],"author":[{"embeddable":true,"href":"https:\/\/progepe.ufpr.br\/portarias\/wp-json\/wp\/v2\/users\/41"}],"replies":[{"embeddable":true,"href":"https:\/\/progepe.ufpr.br\/portarias\/wp-json\/wp\/v2\/comments?post=98745"}],"version-history":[{"count":1,"href":"https:\/\/progepe.ufpr.br\/portarias\/wp-json\/wp\/v2\/posts\/98745\/revisions"}],"predecessor-version":[{"id":146055,"href":"https:\/\/progepe.ufpr.br\/portarias\/wp-json\/wp\/v2\/posts\/98745\/revisions\/146055"}],"wp:attachment":[{"href":"https:\/\/progepe.ufpr.br\/portarias\/wp-json\/wp\/v2\/media?parent=98745"}],"wp:term":[{"taxonomy":"category","embeddable":true,"href":"https:\/\/progepe.ufpr.br\/portarias\/wp-json\/wp\/v2\/categories?post=98745"},{"taxonomy":"post_tag","embeddable":true,"href":"https:\/\/progepe.ufpr.br\/portarias\/wp-json\/wp\/v2\/tags?post=98745"}],"curies":[{"name":"wp","href":"https:\/\/api.w.org\/{rel}","templated":true}]}}