{"id":98852,"date":"2015-06-09T10:08:00","date_gmt":"2015-06-09T13:08:00","guid":{"rendered":"http:\/\/progepe.ufpr.br\/portarias\/progepe-2015-11745\/"},"modified":"2023-08-03T12:02:34","modified_gmt":"2023-08-03T15:02:34","slug":"progepe-2015-11745","status":"publish","type":"post","link":"https:\/\/progepe.ufpr.br\/portarias\/progepe-2015-11745\/","title":{"rendered":"PORTARIA N\u00ba 11745\/PROGEPE, DE 09 DE JUNHO DE 2015"},"content":{"rendered":"\n<p>A Pr\u00f3-Reitora de Gest\u00e3o de Pessoas da Universidade Federal do Paran\u00e1, no uso de suas atribui\u00e7\u00f5es, tendo em vista a compet\u00eancia que lhe \u00e9 conferida pela Portaria n\u00ba 2.590, de 26 de setembro de 1997 e considerando o que consta no processo n\u00ba 076503\/2015-72,<\/p>\n\n\n<p><strong>RESOLVE:<\/strong><\/p>\n\n\n<p>Conceder aposentadoria volunt\u00e1ria por tempo de contribui\u00e7\u00e3o, nos termos do Art. 3\u00ba da Emenda Constitucional n\u00ba 47, de 05 de julho de 2005, ao servidor VITORIO BONACIN FILHO \u2013 102865, lotado no Departamento de Odontologia Restauradora do Setor de Ci\u00eancias da Sa\u00fade, ocupante do cargo de Professor Adjunto, n\u00edvel 603, com Doutorado, no regime de 40 (quarenta) horas semanais, com dedica\u00e7\u00e3o exclusiva, com o vencimento do mencionado cargo, mais a gratifica\u00e7\u00e3o adicional por tempo de servi\u00e7o prevista no Art.67 da Lei n\u00ba 8.112\/90, no \u00edndice de 9 (nove) por cento, calculada sobre o vencimento b\u00e1sico, mais a retribui\u00e7\u00e3o por titula\u00e7\u00e3o, institu\u00edda pela Lei n\u00ba 12.772\/12 e a gratifica\u00e7\u00e3o de Raios-X, no percentual de 10 (dez) por cento, de que trata a Lei n\u00ba 8.270\/91, com base no Art. 34, \u00a71\u00ba e \u00a72\u00ba da Lei n\u00ba 4.345\/64 com reda\u00e7\u00e3o dada pelo Art. 1\u00ba da Lei n\u00ba 6.786\/80.<\/p><p><\/p>\n\n\n<div style=\"height:15px\" aria-hidden=\"true\" class=\"wp-block-spacer\"><\/div>\n\n\n<div class=\"wp-block-buttons is-content-justification-right is-layout-flex wp-container-core-buttons-is-layout-1 wp-block-buttons-is-layout-flex\">\n<div class=\"wp-block-button has-custom-font-size is-style-outline has-small-font-size is-style-outline--1\"><a class=\"wp-block-button__link\" href=\"https:\/\/progepe.ufpr.br\/portarias\/wp-content\/uploads\/pcp\/PROGEPE\/2015\/11745PR.pdf\" style=\"border-radius:0px\" target=\"_blank\" rel=\"noreferrer noopener\">Acesse o arquivo da portaria<\/a><\/div><\/div>\n","protected":false},"excerpt":{"rendered":"<p>Conceder aposentadoria volunt\u00e1ria por tempo de contribui\u00e7\u00e3o, nos termos do Art. 3\u00ba da Emenda Constitucional n\u00ba 47, de 05 de julho de 2005, ao servidor VITORIO BONACIN FILHO \u2013 102865, lotado no Departamento de Odontologia Restauradora do Setor de Ci\u00eancias da Sa\u00fade, ocupante do cargo de Professor Adjunto, n\u00edvel 603, com Doutorado, no regime de 40 (quarenta) horas semanais, com dedica\u00e7\u00e3o exclusiva, com o vencimento do mencionado cargo, mais a gratifica\u00e7\u00e3o adicional por tempo de servi\u00e7o prevista no Art.67 da Lei n\u00ba 8.112\/90, no \u00edndice de 9 (nove) por cento, calculada sobre o vencimento b\u00e1sico, mais a retribui\u00e7\u00e3o<\/p>\n","protected":false},"author":41,"featured_media":0,"comment_status":"closed","ping_status":"open","sticky":false,"template":"wp-custom-template-emissao-entre-01-05-2004-ate-30-06-2017","format":"standard","meta":{"_acf_changed":false,"iawp_total_views":0,"footnotes":""},"categories":[116],"tags":[125],"class_list":["post-98852","post","type-post","status-publish","format-standard","hentry","category-progepe","tag-aposentadoria"],"acf":[],"_links":{"self":[{"href":"https:\/\/progepe.ufpr.br\/portarias\/wp-json\/wp\/v2\/posts\/98852","targetHints":{"allow":["GET"]}}],"collection":[{"href":"https:\/\/progepe.ufpr.br\/portarias\/wp-json\/wp\/v2\/posts"}],"about":[{"href":"https:\/\/progepe.ufpr.br\/portarias\/wp-json\/wp\/v2\/types\/post"}],"author":[{"embeddable":true,"href":"https:\/\/progepe.ufpr.br\/portarias\/wp-json\/wp\/v2\/users\/41"}],"replies":[{"embeddable":true,"href":"https:\/\/progepe.ufpr.br\/portarias\/wp-json\/wp\/v2\/comments?post=98852"}],"version-history":[{"count":1,"href":"https:\/\/progepe.ufpr.br\/portarias\/wp-json\/wp\/v2\/posts\/98852\/revisions"}],"predecessor-version":[{"id":120789,"href":"https:\/\/progepe.ufpr.br\/portarias\/wp-json\/wp\/v2\/posts\/98852\/revisions\/120789"}],"wp:attachment":[{"href":"https:\/\/progepe.ufpr.br\/portarias\/wp-json\/wp\/v2\/media?parent=98852"}],"wp:term":[{"taxonomy":"category","embeddable":true,"href":"https:\/\/progepe.ufpr.br\/portarias\/wp-json\/wp\/v2\/categories?post=98852"},{"taxonomy":"post_tag","embeddable":true,"href":"https:\/\/progepe.ufpr.br\/portarias\/wp-json\/wp\/v2\/tags?post=98852"}],"curies":[{"name":"wp","href":"https:\/\/api.w.org\/{rel}","templated":true}]}}