{"id":98977,"date":"2015-11-25T10:26:00","date_gmt":"2015-11-25T12:26:00","guid":{"rendered":"http:\/\/progepe.ufpr.br\/portarias\/progepe-2015-14223\/"},"modified":"2023-08-03T12:06:57","modified_gmt":"2023-08-03T15:06:57","slug":"progepe-2015-14223","status":"publish","type":"post","link":"https:\/\/progepe.ufpr.br\/portarias\/progepe-2015-14223\/","title":{"rendered":"PORTARIA N\u00ba 14223\/PROGEPE, DE 25 DE NOVEMBRO DE 2015"},"content":{"rendered":"\n<p>A Pr\u00f3-Reitora de Gest\u00e3o de Pessoas da Universidade Federal do Paran\u00e1, em exerc\u00edcio, no uso de suas atribui\u00e7\u00f5es, tendo em vista a compet\u00eancia que lhe \u00e9 conferida pela Portaria n\u00ba 2.590, de 26 de setembro de 1997 e considerando o que consta no processo n\u00ba 096704\/2015-96,<\/p>\n\n\n<p><strong>RESOLVE:<\/strong><\/p>\n\n\n<p>Conceder  aposentadoria  volunt\u00e1ria  por  tempo  de  contribui\u00e7\u00e3o,  nos termos do Art. 3\u00ba da Emenda Constitucional n\u00ba 47, de 05 de julho de 2005, \u00e0 servidora MARIA LUCIA DE BORBA  \u2013  125920,  lotada  no  Setor  de  Educa\u00e7\u00e3o  Profissional  e  Tecnol\u00f3gica, ocupante do cargo de Professor do Ensino B\u00e1sico, T\u00e9cnico e Tecnol\u00f3gica, classe D-IV, n\u00edvel 403, com Mestrado, no regime de 40 (quarenta) horas semanais, com dedica\u00e7\u00e3o exclusiva, com o vencimento do mencionado cargo, mais a gratifica\u00e7\u00e3o adicional por tempo de servi\u00e7o, prevista no art. 67 da Lei n\u00ba 8.112\/90, no \u00edndice de 10 (dez) por cento, calculada sobre o vencimento b\u00e1sico, mais a retribui\u00e7\u00e3o por titula\u00e7\u00e3o, institu\u00edda pela Lei n\u00ba 12.772\/12.<\/p><p><\/p>\n\n\n<div style=\"height:15px\" aria-hidden=\"true\" class=\"wp-block-spacer\"><\/div>\n\n\n<div class=\"wp-block-buttons is-content-justification-right is-layout-flex wp-container-core-buttons-is-layout-1 wp-block-buttons-is-layout-flex\">\n<div class=\"wp-block-button has-custom-font-size is-style-outline has-small-font-size is-style-outline--1\"><a class=\"wp-block-button__link\" href=\"https:\/\/progepe.ufpr.br\/portarias\/wp-content\/uploads\/pcp\/PROGEPE\/2015\/14223PR.pdf\" style=\"border-radius:0px\" target=\"_blank\" rel=\"noreferrer noopener\">Acesse o arquivo da portaria<\/a><\/div><\/div>\n","protected":false},"excerpt":{"rendered":"<p>Conceder aposentadoria volunt\u00e1ria por tempo de contribui\u00e7\u00e3o, nos termos do Art. 3\u00ba da Emenda Constitucional n\u00ba 47, de 05 de julho de 2005, \u00e0 servidora MARIA LUCIA DE BORBA \u2013 125920, lotada no Setor de Educa\u00e7\u00e3o Profissional e Tecnol\u00f3gica, ocupante do cargo de Professor do Ensino B\u00e1sico, T\u00e9cnico e Tecnol\u00f3gica, classe D-IV, n\u00edvel 403, com Mestrado, no regime de 40 (quarenta) horas semanais, com dedica\u00e7\u00e3o exclusiva, com o vencimento do mencionado cargo, mais a gratifica\u00e7\u00e3o adicional por tempo de servi\u00e7o, prevista no art. 67 da Lei n\u00ba 8.112\/90, no \u00edndice de 10 (dez) por cento, calculada sobre o<\/p>\n","protected":false},"author":41,"featured_media":0,"comment_status":"closed","ping_status":"open","sticky":false,"template":"wp-custom-template-emissao-entre-01-05-2004-ate-30-06-2017","format":"standard","meta":{"_acf_changed":false,"iawp_total_views":0,"footnotes":""},"categories":[116],"tags":[125],"class_list":["post-98977","post","type-post","status-publish","format-standard","hentry","category-progepe","tag-aposentadoria"],"acf":[],"_links":{"self":[{"href":"https:\/\/progepe.ufpr.br\/portarias\/wp-json\/wp\/v2\/posts\/98977","targetHints":{"allow":["GET"]}}],"collection":[{"href":"https:\/\/progepe.ufpr.br\/portarias\/wp-json\/wp\/v2\/posts"}],"about":[{"href":"https:\/\/progepe.ufpr.br\/portarias\/wp-json\/wp\/v2\/types\/post"}],"author":[{"embeddable":true,"href":"https:\/\/progepe.ufpr.br\/portarias\/wp-json\/wp\/v2\/users\/41"}],"replies":[{"embeddable":true,"href":"https:\/\/progepe.ufpr.br\/portarias\/wp-json\/wp\/v2\/comments?post=98977"}],"version-history":[{"count":1,"href":"https:\/\/progepe.ufpr.br\/portarias\/wp-json\/wp\/v2\/posts\/98977\/revisions"}],"predecessor-version":[{"id":146108,"href":"https:\/\/progepe.ufpr.br\/portarias\/wp-json\/wp\/v2\/posts\/98977\/revisions\/146108"}],"wp:attachment":[{"href":"https:\/\/progepe.ufpr.br\/portarias\/wp-json\/wp\/v2\/media?parent=98977"}],"wp:term":[{"taxonomy":"category","embeddable":true,"href":"https:\/\/progepe.ufpr.br\/portarias\/wp-json\/wp\/v2\/categories?post=98977"},{"taxonomy":"post_tag","embeddable":true,"href":"https:\/\/progepe.ufpr.br\/portarias\/wp-json\/wp\/v2\/tags?post=98977"}],"curies":[{"name":"wp","href":"https:\/\/api.w.org\/{rel}","templated":true}]}}