{"id":99084,"date":"2015-04-30T10:11:00","date_gmt":"2015-04-30T13:11:00","guid":{"rendered":"http:\/\/progepe.ufpr.br\/portarias\/progepe-2015-11220\/"},"modified":"2023-08-03T12:01:39","modified_gmt":"2023-08-03T15:01:39","slug":"progepe-2015-11220","status":"publish","type":"post","link":"https:\/\/progepe.ufpr.br\/portarias\/progepe-2015-11220\/","title":{"rendered":"PORTARIA N\u00ba 11220\/PROGEPE, DE 30 DE ABRIL DE 2015"},"content":{"rendered":"\n<p>A Pr\u00f3-Reitora de Gest\u00e3o de Pessoas da Universidade Federal do Paran\u00e1, em exerc\u00edcio, no uso de suas atribui\u00e7\u00f5es, tendo em vista a compet\u00eancia que lhe \u00e9 conferida pela Portaria n\u00ba 2.590, de 26 de setembro de 1997 e o que consta no Art. 103 da Lei n\u00ba 8.112\/90 e ainda o contido no processo n\u00ba 072445\/2015-16,<\/p>\n\n\n<p><strong>RESOLVE:<\/strong><\/p>\n\n\n<p>Averbar, a partir de 16 de abril de 2015, em favor da servidora MICHELE NOGUEIRA LIMA \u2013 202061, ocupante do cargo de Professora do Magist\u00e9rio Superior, lotada no Departamento de Inform\u00e1tica do Setor de Ci\u00eancias Exatas, o tempo de servi\u00e7o abaixo listado, para fins de: Aposentadoria, aposentadoria especial e disponibilidade: EMPRESA PER\u00cdODO TOTAL DE DIAS Sociedade Mineira de Cultura 02.02.2004 a 17.12.2004 320 Educadora Sete de Setembro Ltda. 02.03.2005 a 01.08.2006 518<\/p><p><\/p>\n\n\n<div style=\"height:15px\" aria-hidden=\"true\" class=\"wp-block-spacer\"><\/div>\n\n\n<div class=\"wp-block-buttons is-content-justification-right is-layout-flex wp-container-core-buttons-is-layout-1 wp-block-buttons-is-layout-flex\">\n<div class=\"wp-block-button has-custom-font-size is-style-outline has-small-font-size is-style-outline--1\"><a class=\"wp-block-button__link\" href=\"https:\/\/progepe.ufpr.br\/portarias\/wp-content\/uploads\/pcp\/PROGEPE\/2015\/11220PR.pdf\" style=\"border-radius:0px\" target=\"_blank\" rel=\"noreferrer noopener\">Acesse o arquivo da portaria<\/a><\/div><\/div>\n","protected":false},"excerpt":{"rendered":"<p>Averbar, a partir de 16 de abril de 2015, em favor da servidora MICHELE NOGUEIRA LIMA \u2013 202061, ocupante do cargo de Professora do Magist\u00e9rio Superior, lotada no Departamento de Inform\u00e1tica do Setor de Ci\u00eancias Exatas, o tempo de servi\u00e7o abaixo listado, para fins de: Aposentadoria, aposentadoria especial e disponibilidade: EMPRESA PER\u00cdODO TOTAL DE DIAS Sociedade Mineira de Cultura 02.02.2004 a 17.12.2004 320 Educadora Sete de Setembro Ltda. 02.03.2005 a 01.08.2006 518  {&#8220;height&#8221;:&#8221;15px&#8221;} <\/p>\n<div style=\"height:15px\" aria-hidden=\"true\" class=\"wp-block-spacer\"> <!-- \/wp:spacer  {\"layout\":{\"type\":\"flex\",\"justifyContent\":\"right\"}} \n\n<div class=\"wp-block-buttons\"><!-- wp:button {\"style\":{\"border\":{\"radius\":\"0px\"}},\"className\":\"is-style-outline\",\"fontSize\":\"small\"} \n\n<div class=\"wp-block-button has-custom-font-size is-style-outline has-small-font-size\"><a class=\"wp-block-button__link\" href=\"https:\/\/progepe.ufpr.br\/portarias\/wp-content\/uploads\/pcp\/PROGEPE\/2015\/11220PR.pdf\" style=\"border-radius:0px\"\n<\/p>\n","protected":false},"author":41,"featured_media":0,"comment_status":"closed","ping_status":"open","sticky":false,"template":"wp-custom-template-emissao-entre-01-05-2004-ate-30-06-2017","format":"standard","meta":{"_acf_changed":false,"iawp_total_views":0,"footnotes":""},"categories":[116],"tags":[140],"class_list":["post-99084","post","type-post","status-publish","format-standard","hentry","category-progepe","tag-averbacao-desaverbacao"],"acf":[],"_links":{"self":[{"href":"https:\/\/progepe.ufpr.br\/portarias\/wp-json\/wp\/v2\/posts\/99084","targetHints":{"allow":["GET"]}}],"collection":[{"href":"https:\/\/progepe.ufpr.br\/portarias\/wp-json\/wp\/v2\/posts"}],"about":[{"href":"https:\/\/progepe.ufpr.br\/portarias\/wp-json\/wp\/v2\/types\/post"}],"author":[{"embeddable":true,"href":"https:\/\/progepe.ufpr.br\/portarias\/wp-json\/wp\/v2\/users\/41"}],"replies":[{"embeddable":true,"href":"https:\/\/progepe.ufpr.br\/portarias\/wp-json\/wp\/v2\/comments?post=99084"}],"version-history":[{"count":1,"href":"https:\/\/progepe.ufpr.br\/portarias\/wp-json\/wp\/v2\/posts\/99084\/revisions"}],"predecessor-version":[{"id":146166,"href":"https:\/\/progepe.ufpr.br\/portarias\/wp-json\/wp\/v2\/posts\/99084\/revisions\/146166"}],"wp:attachment":[{"href":"https:\/\/progepe.ufpr.br\/portarias\/wp-json\/wp\/v2\/media?parent=99084"}],"wp:term":[{"taxonomy":"category","embeddable":true,"href":"https:\/\/progepe.ufpr.br\/portarias\/wp-json\/wp\/v2\/categories?post=99084"},{"taxonomy":"post_tag","embeddable":true,"href":"https:\/\/progepe.ufpr.br\/portarias\/wp-json\/wp\/v2\/tags?post=99084"}],"curies":[{"name":"wp","href":"https:\/\/api.w.org\/{rel}","templated":true}]}}