{"id":99856,"date":"2015-05-06T10:01:00","date_gmt":"2015-05-06T13:01:00","guid":{"rendered":"http:\/\/progepe.ufpr.br\/portarias\/progepe-2015-11296\/"},"modified":"2023-08-03T12:01:47","modified_gmt":"2023-08-03T15:01:47","slug":"progepe-2015-11296","status":"publish","type":"post","link":"https:\/\/progepe.ufpr.br\/portarias\/progepe-2015-11296\/","title":{"rendered":"PORTARIA N\u00ba 11296\/PROGEPE, DE 06 DE MAIO DE 2015"},"content":{"rendered":"\n<p>A Pr\u00f3-Reitora de Gest\u00e3o de Pessoas da Universidade Federal do Paran\u00e1, no uso de suas atribui\u00e7\u00f5es, tendo em vista a compet\u00eancia que lhe \u00e9 conferida pela Portaria n\u00ba 2.590, de 26 de setembro de 1997 e considerando o que consta no processo n\u00ba 074529\/2015-86,<\/p>\n\n\n<p><strong>RESOLVE:<\/strong><\/p>\n\n\n<p>Restabelecer o pagamento dos inativos e benefici\u00e1rios de pens\u00e3o, suspenso em raz\u00e3o da falta de recadastramento anual, tendo em vista a atualiza\u00e7\u00e3o cadastral, conforme rela\u00e7\u00e3o abaixo: SIAPE NOME CONDI\u00c7\u00c3O 0341282 ARLETE CECCATTO APOSENTADORIA 3979199 GLEUZA CUNHA GUIMAR\u00c3ES PENS\u00c3O 5490146 IRACI AMALIA PEREIRA DE SOUZA PENS\u00c3O 5811066 LAERCIO FERNANDO DE ALCANTARA PENS\u00c3O Publ icado no  Di\u00e1rio  Of icia l  da Uni\u00e3o n.  0 85 De 07.05.2015 ,  Se\u00e7\u00e3o 2,  p\u00e1g.  3 5<\/p><p>APOSENTADO E PENSIONISTA<\/p><p><\/p>\n\n\n<div style=\"height:15px\" aria-hidden=\"true\" class=\"wp-block-spacer\"><\/div>\n\n\n<div class=\"wp-block-buttons is-content-justification-right is-layout-flex wp-container-core-buttons-is-layout-1 wp-block-buttons-is-layout-flex\">\n<div class=\"wp-block-button has-custom-font-size is-style-outline has-small-font-size is-style-outline--1\"><a class=\"wp-block-button__link\" href=\"https:\/\/progepe.ufpr.br\/portarias\/wp-content\/uploads\/pcp\/PROGEPE\/2015\/11296PR.pdf\" style=\"border-radius:0px\" target=\"_blank\" rel=\"noreferrer noopener\">Acesse o arquivo da portaria<\/a><\/div><\/div>\n","protected":false},"excerpt":{"rendered":"<p>Restabelecer o pagamento dos inativos e benefici\u00e1rios de pens\u00e3o, suspenso em raz\u00e3o da falta de recadastramento anual, tendo em vista a atualiza\u00e7\u00e3o cadastral, conforme rela\u00e7\u00e3o abaixo: SIAPE NOME CONDI\u00c7\u00c3O 0341282 ARLETE CECCATTO APOSENTADORIA 3979199 GLEUZA CUNHA GUIMAR\u00c3ES PENS\u00c3O 5490146 IRACI AMALIA PEREIRA DE SOUZA PENS\u00c3O 5811066 LAERCIO FERNANDO DE ALCANTARA PENS\u00c3O Publ icado no Di\u00e1rio Of icia l da Uni\u00e3o n. 0 85 De 07.05.2015 , Se\u00e7\u00e3o 2, p\u00e1g. 3 5APOSENTADO E PENSIONISTA  {&#8220;height&#8221;:&#8221;15px&#8221;} <\/p>\n<div style=\"height:15px\" aria-hidden=\"true\" class=\"wp-block-spacer\"> <!-- \/wp:spacer  {\"layout\":{\"type\":\"flex\",\"justifyContent\":\"right\"}} \n\n<div class=\"wp-block-buttons\"><!-- wp:button {\"style\":{\"border\":{\"radius\":\"0px\"}},\"className\":\"is-style-outline\",\"fontSize\":\"small\"} \n\n<div class=\"wp-block-button has-custom-font-size is-style-outline has-small-font-size\"><a class=\"wp-block-button__link\" href=\"https:\/\/progepe.ufpr.br\/portarias\/wp-content\/uploads\/pcp\/PROGEPE\/2015\/11296PR.pdf\" style=\"border-radius:0px\n<\/p>\n","protected":false},"author":41,"featured_media":0,"comment_status":"closed","ping_status":"open","sticky":false,"template":"wp-custom-template-emissao-entre-01-05-2004-ate-30-06-2017","format":"standard","meta":{"_acf_changed":false,"iawp_total_views":0,"footnotes":""},"categories":[116],"tags":[119],"class_list":["post-99856","post","type-post","status-publish","format-standard","hentry","category-progepe","tag-diversos"],"acf":[],"_links":{"self":[{"href":"https:\/\/progepe.ufpr.br\/portarias\/wp-json\/wp\/v2\/posts\/99856","targetHints":{"allow":["GET"]}}],"collection":[{"href":"https:\/\/progepe.ufpr.br\/portarias\/wp-json\/wp\/v2\/posts"}],"about":[{"href":"https:\/\/progepe.ufpr.br\/portarias\/wp-json\/wp\/v2\/types\/post"}],"author":[{"embeddable":true,"href":"https:\/\/progepe.ufpr.br\/portarias\/wp-json\/wp\/v2\/users\/41"}],"replies":[{"embeddable":true,"href":"https:\/\/progepe.ufpr.br\/portarias\/wp-json\/wp\/v2\/comments?post=99856"}],"version-history":[{"count":1,"href":"https:\/\/progepe.ufpr.br\/portarias\/wp-json\/wp\/v2\/posts\/99856\/revisions"}],"predecessor-version":[{"id":121609,"href":"https:\/\/progepe.ufpr.br\/portarias\/wp-json\/wp\/v2\/posts\/99856\/revisions\/121609"}],"wp:attachment":[{"href":"https:\/\/progepe.ufpr.br\/portarias\/wp-json\/wp\/v2\/media?parent=99856"}],"wp:term":[{"taxonomy":"category","embeddable":true,"href":"https:\/\/progepe.ufpr.br\/portarias\/wp-json\/wp\/v2\/categories?post=99856"},{"taxonomy":"post_tag","embeddable":true,"href":"https:\/\/progepe.ufpr.br\/portarias\/wp-json\/wp\/v2\/tags?post=99856"}],"curies":[{"name":"wp","href":"https:\/\/api.w.org\/{rel}","templated":true}]}}